{"id":101048,"date":"2025-02-05T00:01:57","date_gmt":"2025-02-04T23:01:57","guid":{"rendered":"https:\/\/veredes.es\/blog\/?p=101048"},"modified":"2025-01-27T13:48:25","modified_gmt":"2025-01-27T12:48:25","slug":"casa-e1-jerez-arquitectos","status":"publish","type":"post","link":"https:\/\/veredes.es\/blog\/casa-e1-jerez-arquitectos\/","title":{"rendered":"Casa E1 | Jerez Arquitectos"},"content":{"rendered":"<figure id=\"attachment_101067\" aria-describedby=\"caption-attachment-101067\" style=\"width: 1400px\" class=\"wp-caption alignnone\"><img loading=\"lazy\" decoding=\"async\" class=\"wp-image-101067 size-full\" title=\"Casa E1 Jerez Arquitectos \u00a9 I\u00f1aki Bergera 01\" src=\"https:\/\/veredes.es\/blog\/wp-content\/uploads\/2025\/02\/Casa-E1-Jerez-Arquitectos-\u00a9-Inaki-Bergera-01.jpg\" alt=\"Casa E1 Jerez Arquitectos \u00a9 I\u00f1aki Bergera 01\" width=\"1400\" height=\"933\" srcset=\"https:\/\/veredes.es\/blog\/wp-content\/uploads\/2025\/02\/Casa-E1-Jerez-Arquitectos-\u00a9-Inaki-Bergera-01.jpg 1400w, https:\/\/veredes.es\/blog\/wp-content\/uploads\/2025\/02\/Casa-E1-Jerez-Arquitectos-\u00a9-Inaki-Bergera-01-300x200.jpg 300w, https:\/\/veredes.es\/blog\/wp-content\/uploads\/2025\/02\/Casa-E1-Jerez-Arquitectos-\u00a9-Inaki-Bergera-01-1024x682.jpg 1024w, https:\/\/veredes.es\/blog\/wp-content\/uploads\/2025\/02\/Casa-E1-Jerez-Arquitectos-\u00a9-Inaki-Bergera-01-630x420.jpg 630w, https:\/\/veredes.es\/blog\/wp-content\/uploads\/2025\/02\/Casa-E1-Jerez-Arquitectos-\u00a9-Inaki-Bergera-01-696x464.jpg 696w, https:\/\/veredes.es\/blog\/wp-content\/uploads\/2025\/02\/Casa-E1-Jerez-Arquitectos-\u00a9-Inaki-Bergera-01-1068x712.jpg 1068w\" sizes=\"auto, (max-width: 1400px) 100vw, 1400px\" \/><figcaption id=\"caption-attachment-101067\" class=\"wp-caption-text\"><span style=\"color: #999999;\">Casa E1 | Jerez Arquitectos \u00a9 I\u00f1aki Bergera<\/span><\/figcaption><\/figure>\n<p style=\"text-align: justify;\">El <a href=\"https:\/\/veredes.es\/blog\/tag\/enrique-jerez-abajo\/\" target=\"_blank\" rel=\"noopener\">proyecto<\/a> resuelve con sencillez una situaci\u00f3n muy habitual en la periferia de nuestras ciudades, con el fin de convertirse en una soluci\u00f3n repetible por su calidad espacial, facilidad constructiva, eficiencia energ\u00e9tica y econom\u00eda de medios.<\/p>\n<figure id=\"attachment_101068\" aria-describedby=\"caption-attachment-101068\" style=\"width: 1400px\" class=\"wp-caption alignnone\"><img loading=\"lazy\" decoding=\"async\" class=\"wp-image-101068 size-full\" title=\"Casa E1 Jerez Arquitectos \u00a9 I\u00f1aki Bergera 02\" src=\"https:\/\/veredes.es\/blog\/wp-content\/uploads\/2025\/02\/Casa-E1-Jerez-Arquitectos-\u00a9-Inaki-Bergera-02.jpg\" alt=\"Casa E1 Jerez Arquitectos \u00a9 I\u00f1aki Bergera 02\" width=\"1400\" height=\"2101\" srcset=\"https:\/\/veredes.es\/blog\/wp-content\/uploads\/2025\/02\/Casa-E1-Jerez-Arquitectos-\u00a9-Inaki-Bergera-02.jpg 1400w, https:\/\/veredes.es\/blog\/wp-content\/uploads\/2025\/02\/Casa-E1-Jerez-Arquitectos-\u00a9-Inaki-Bergera-02-200x300.jpg 200w, https:\/\/veredes.es\/blog\/wp-content\/uploads\/2025\/02\/Casa-E1-Jerez-Arquitectos-\u00a9-Inaki-Bergera-02-682x1024.jpg 682w, https:\/\/veredes.es\/blog\/wp-content\/uploads\/2025\/02\/Casa-E1-Jerez-Arquitectos-\u00a9-Inaki-Bergera-02-1024x1536.jpg 1024w, https:\/\/veredes.es\/blog\/wp-content\/uploads\/2025\/02\/Casa-E1-Jerez-Arquitectos-\u00a9-Inaki-Bergera-02-1365x2048.jpg 1365w, https:\/\/veredes.es\/blog\/wp-content\/uploads\/2025\/02\/Casa-E1-Jerez-Arquitectos-\u00a9-Inaki-Bergera-02-280x420.jpg 280w, https:\/\/veredes.es\/blog\/wp-content\/uploads\/2025\/02\/Casa-E1-Jerez-Arquitectos-\u00a9-Inaki-Bergera-02-696x1044.jpg 696w, https:\/\/veredes.es\/blog\/wp-content\/uploads\/2025\/02\/Casa-E1-Jerez-Arquitectos-\u00a9-Inaki-Bergera-02-1068x1603.jpg 1068w\" sizes=\"auto, (max-width: 1400px) 100vw, 1400px\" \/><figcaption id=\"caption-attachment-101068\" class=\"wp-caption-text\"><span style=\"color: #999999;\">Casa E1 | Jerez Arquitectos \u00a9 I\u00f1aki Bergera<\/span><\/figcaption><\/figure>\n<p style=\"text-align: justify;\">La parcela, rectangular y plana, apenas mide 275m2. Estas reducidas dimensiones, unidas a los retranqueos exigidos por la normativa, limitaban las posibilidades de movimiento. Se decidi\u00f3 parear la casa hacia el norte, donde se ubicaron en una \u00fanica planta el garaje y las instalaciones. Esto permiti\u00f3 disponer de m\u00e1s jard\u00edn al sur, abrir la planta baja hacia el sur, el este y el oeste, y liberar la planta segunda abriendo huecos en sus cuatro orientaciones.<\/p>\n<figure id=\"attachment_101069\" aria-describedby=\"caption-attachment-101069\" style=\"width: 1400px\" class=\"wp-caption alignnone\"><img loading=\"lazy\" decoding=\"async\" class=\"wp-image-101069 size-full\" title=\"Casa E1 Jerez Arquitectos \u00a9 I\u00f1aki Bergera 04\" src=\"https:\/\/veredes.es\/blog\/wp-content\/uploads\/2025\/02\/Casa-E1-Jerez-Arquitectos-\u00a9-Inaki-Bergera-04.jpg\" alt=\"Casa E1 Jerez Arquitectos \u00a9 I\u00f1aki Bergera 04\" width=\"1400\" height=\"2101\" srcset=\"https:\/\/veredes.es\/blog\/wp-content\/uploads\/2025\/02\/Casa-E1-Jerez-Arquitectos-\u00a9-Inaki-Bergera-04.jpg 1400w, https:\/\/veredes.es\/blog\/wp-content\/uploads\/2025\/02\/Casa-E1-Jerez-Arquitectos-\u00a9-Inaki-Bergera-04-200x300.jpg 200w, https:\/\/veredes.es\/blog\/wp-content\/uploads\/2025\/02\/Casa-E1-Jerez-Arquitectos-\u00a9-Inaki-Bergera-04-682x1024.jpg 682w, https:\/\/veredes.es\/blog\/wp-content\/uploads\/2025\/02\/Casa-E1-Jerez-Arquitectos-\u00a9-Inaki-Bergera-04-1024x1536.jpg 1024w, https:\/\/veredes.es\/blog\/wp-content\/uploads\/2025\/02\/Casa-E1-Jerez-Arquitectos-\u00a9-Inaki-Bergera-04-1365x2048.jpg 1365w, https:\/\/veredes.es\/blog\/wp-content\/uploads\/2025\/02\/Casa-E1-Jerez-Arquitectos-\u00a9-Inaki-Bergera-04-280x420.jpg 280w, https:\/\/veredes.es\/blog\/wp-content\/uploads\/2025\/02\/Casa-E1-Jerez-Arquitectos-\u00a9-Inaki-Bergera-04-696x1044.jpg 696w, https:\/\/veredes.es\/blog\/wp-content\/uploads\/2025\/02\/Casa-E1-Jerez-Arquitectos-\u00a9-Inaki-Bergera-04-1068x1603.jpg 1068w\" sizes=\"auto, (max-width: 1400px) 100vw, 1400px\" \/><figcaption id=\"caption-attachment-101069\" class=\"wp-caption-text\"><span style=\"color: #999999;\">Casa E1 | Jerez Arquitectos \u00a9 I\u00f1aki Bergera<\/span><\/figcaption><\/figure>\n<p style=\"text-align: justify;\">La planta inferior se concibe como un z\u00f3calo de ladrillo de hormig\u00f3n, fabricado a apenas 10 kil\u00f3metros del lugar. Sobre dicho z\u00f3calo emerge, compacta y revestida en mortero de cal blanco, la planta primera.<\/p>\n<figure id=\"attachment_101066\" aria-describedby=\"caption-attachment-101066\" style=\"width: 900px\" class=\"wp-caption alignnone\"><img loading=\"lazy\" decoding=\"async\" class=\"wp-image-101066 size-full\" title=\"Casa E1 Jerez Arquitectos Planimetria\" src=\"https:\/\/veredes.es\/blog\/wp-content\/uploads\/2025\/02\/Casa-E1-Jerez-Arquitectos-Planimetria.gif\" alt=\"Casa E1 Jerez Arquitectos Planimetria\" width=\"900\" height=\"900\" \/><figcaption id=\"caption-attachment-101066\" class=\"wp-caption-text\"><span style=\"color: #999999;\">Casa E1 | Jerez Arquitectos | Planimetr\u00eda<\/span><\/figcaption><\/figure>\n<p style=\"text-align: justify;\">Las perforaciones de las fachadas son grandes para abrirse con generosidad al peque\u00f1o jard\u00edn y captar mucha luz. Tomando como referencia las viviendas tradicionales pasiegas del norte de la provincia, los huecos de ambas plantas se desarrollan al tresbolillo. Esta relaci\u00f3n diagonal tambi\u00e9n se produce en planta, con el fin de conseguir una sensaci\u00f3n de mayor amplitud.<\/p>\n<figure id=\"attachment_101070\" aria-describedby=\"caption-attachment-101070\" style=\"width: 1400px\" class=\"wp-caption alignnone\"><img loading=\"lazy\" decoding=\"async\" class=\"size-full wp-image-101070\" src=\"https:\/\/veredes.es\/blog\/wp-content\/uploads\/2025\/02\/Casa-E1-Jerez-Arquitectos-\u00a9-Inaki-Bergera-06.jpg\" alt=\"Casa E1 Jerez Arquitectos \u00a9 I\u00f1aki Bergera 06\" width=\"1400\" height=\"2101\" srcset=\"https:\/\/veredes.es\/blog\/wp-content\/uploads\/2025\/02\/Casa-E1-Jerez-Arquitectos-\u00a9-Inaki-Bergera-06.jpg 1400w, https:\/\/veredes.es\/blog\/wp-content\/uploads\/2025\/02\/Casa-E1-Jerez-Arquitectos-\u00a9-Inaki-Bergera-06-200x300.jpg 200w, https:\/\/veredes.es\/blog\/wp-content\/uploads\/2025\/02\/Casa-E1-Jerez-Arquitectos-\u00a9-Inaki-Bergera-06-682x1024.jpg 682w, https:\/\/veredes.es\/blog\/wp-content\/uploads\/2025\/02\/Casa-E1-Jerez-Arquitectos-\u00a9-Inaki-Bergera-06-1024x1536.jpg 1024w, https:\/\/veredes.es\/blog\/wp-content\/uploads\/2025\/02\/Casa-E1-Jerez-Arquitectos-\u00a9-Inaki-Bergera-06-1365x2048.jpg 1365w, https:\/\/veredes.es\/blog\/wp-content\/uploads\/2025\/02\/Casa-E1-Jerez-Arquitectos-\u00a9-Inaki-Bergera-06-280x420.jpg 280w, https:\/\/veredes.es\/blog\/wp-content\/uploads\/2025\/02\/Casa-E1-Jerez-Arquitectos-\u00a9-Inaki-Bergera-06-696x1044.jpg 696w, https:\/\/veredes.es\/blog\/wp-content\/uploads\/2025\/02\/Casa-E1-Jerez-Arquitectos-\u00a9-Inaki-Bergera-06-1068x1603.jpg 1068w\" sizes=\"auto, (max-width: 1400px) 100vw, 1400px\" \/><figcaption id=\"caption-attachment-101070\" class=\"wp-caption-text\"><span style=\"color: #999999;\">Casa E1 | Jerez Arquitectos \u00a9 I\u00f1aki Bergera<\/span><\/figcaption><\/figure>\n<p style=\"text-align: justify;\">El ladrillo de hormig\u00f3n modula con precisi\u00f3n la posici\u00f3n de los huecos, formaliza los laterales de los mismos mediante unas piezas especiales con secci\u00f3n en U y construye una celos\u00eda que permite ventilar la instalaci\u00f3n de aerotermia. Las carpinter\u00edas exteriores son de aluminio anodizado en su color natural.<\/p>\n<figure id=\"attachment_101071\" aria-describedby=\"caption-attachment-101071\" style=\"width: 1400px\" class=\"wp-caption alignnone\"><img loading=\"lazy\" decoding=\"async\" class=\"size-full wp-image-101071\" src=\"https:\/\/veredes.es\/blog\/wp-content\/uploads\/2025\/02\/Casa-E1-Jerez-Arquitectos-\u00a9-Inaki-Bergera-07.jpg\" alt=\"Casa E1 Jerez Arquitectos \u00a9 I\u00f1aki Bergera 07\" width=\"1400\" height=\"2101\" srcset=\"https:\/\/veredes.es\/blog\/wp-content\/uploads\/2025\/02\/Casa-E1-Jerez-Arquitectos-\u00a9-Inaki-Bergera-07.jpg 1400w, https:\/\/veredes.es\/blog\/wp-content\/uploads\/2025\/02\/Casa-E1-Jerez-Arquitectos-\u00a9-Inaki-Bergera-07-200x300.jpg 200w, https:\/\/veredes.es\/blog\/wp-content\/uploads\/2025\/02\/Casa-E1-Jerez-Arquitectos-\u00a9-Inaki-Bergera-07-682x1024.jpg 682w, https:\/\/veredes.es\/blog\/wp-content\/uploads\/2025\/02\/Casa-E1-Jerez-Arquitectos-\u00a9-Inaki-Bergera-07-1024x1536.jpg 1024w, https:\/\/veredes.es\/blog\/wp-content\/uploads\/2025\/02\/Casa-E1-Jerez-Arquitectos-\u00a9-Inaki-Bergera-07-1365x2048.jpg 1365w, https:\/\/veredes.es\/blog\/wp-content\/uploads\/2025\/02\/Casa-E1-Jerez-Arquitectos-\u00a9-Inaki-Bergera-07-280x420.jpg 280w, https:\/\/veredes.es\/blog\/wp-content\/uploads\/2025\/02\/Casa-E1-Jerez-Arquitectos-\u00a9-Inaki-Bergera-07-696x1044.jpg 696w, https:\/\/veredes.es\/blog\/wp-content\/uploads\/2025\/02\/Casa-E1-Jerez-Arquitectos-\u00a9-Inaki-Bergera-07-1068x1603.jpg 1068w\" sizes=\"auto, (max-width: 1400px) 100vw, 1400px\" \/><figcaption id=\"caption-attachment-101071\" class=\"wp-caption-text\"><span style=\"color: #999999;\">Casa E1 | Jerez Arquitectos \u00a9 I\u00f1aki Bergera<\/span><\/figcaption><\/figure>\n<p style=\"text-align: justify;\">La planta baja se organiza mediante una pieza central que contiene el ba\u00f1o y los muebles altos de la cocina, lo que libera el resto de la vivienda. Los escapes visuales diagonales introducen la naturaleza en la casa, aumentando su amplitud. Una ligera escalera, construida con elementos industriales de acero pintado en blanco, act\u00faa como el \u00fanico elemento singular con vocaci\u00f3n vertical y conecta las dos plantas.<\/p>\n<div id='gallery-1' class='gallery galleryid-101048 gallery-columns-4 gallery-size-thumbnail'><figure class='gallery-item'>\n\t\t\t<div class='gallery-icon portrait'>\n\t\t\t\t<a href='https:\/\/veredes.es\/blog\/wp-content\/uploads\/2025\/02\/Casa-E1-Jerez-Arquitectos-\u00a9-Inaki-Bergera-03.jpg'><img loading=\"lazy\" decoding=\"async\" width=\"120\" height=\"120\" src=\"https:\/\/veredes.es\/blog\/wp-content\/uploads\/2025\/02\/Casa-E1-Jerez-Arquitectos-\u00a9-Inaki-Bergera-03-120x120.jpg\" class=\"attachment-thumbnail size-thumbnail\" alt=\"\" aria-describedby=\"gallery-1-101072\" \/><\/a>\n\t\t\t<\/div>\n\t\t\t\t<figcaption class='wp-caption-text gallery-caption' id='gallery-1-101072'>\n\t\t\t\tCasa E1 | Jerez Arquitectos \u00a9 I\u00f1aki Bergera\n\t\t\t\t<\/figcaption><\/figure><figure class='gallery-item'>\n\t\t\t<div class='gallery-icon landscape'>\n\t\t\t\t<a href='https:\/\/veredes.es\/blog\/wp-content\/uploads\/2025\/02\/Casa-E1-Jerez-Arquitectos-\u00a9-Inaki-Bergera-05.jpg'><img loading=\"lazy\" decoding=\"async\" width=\"120\" height=\"120\" src=\"https:\/\/veredes.es\/blog\/wp-content\/uploads\/2025\/02\/Casa-E1-Jerez-Arquitectos-\u00a9-Inaki-Bergera-05-120x120.jpg\" class=\"attachment-thumbnail size-thumbnail\" alt=\"\" aria-describedby=\"gallery-1-101073\" \/><\/a>\n\t\t\t<\/div>\n\t\t\t\t<figcaption class='wp-caption-text gallery-caption' id='gallery-1-101073'>\n\t\t\t\tCasa E1 | Jerez Arquitectos \u00a9 I\u00f1aki Bergera\n\t\t\t\t<\/figcaption><\/figure><figure class='gallery-item'>\n\t\t\t<div class='gallery-icon portrait'>\n\t\t\t\t<a href='https:\/\/veredes.es\/blog\/wp-content\/uploads\/2025\/02\/Casa-E1-Jerez-Arquitectos-\u00a9-Inaki-Bergera-08.jpg'><img loading=\"lazy\" decoding=\"async\" width=\"120\" height=\"120\" src=\"https:\/\/veredes.es\/blog\/wp-content\/uploads\/2025\/02\/Casa-E1-Jerez-Arquitectos-\u00a9-Inaki-Bergera-08-120x120.jpg\" class=\"attachment-thumbnail size-thumbnail\" alt=\"\" aria-describedby=\"gallery-1-101074\" \/><\/a>\n\t\t\t<\/div>\n\t\t\t\t<figcaption class='wp-caption-text gallery-caption' id='gallery-1-101074'>\n\t\t\t\tCasa E1 | Jerez Arquitectos \u00a9 I\u00f1aki Bergera\n\t\t\t\t<\/figcaption><\/figure><figure class='gallery-item'>\n\t\t\t<div class='gallery-icon portrait'>\n\t\t\t\t<a href='https:\/\/veredes.es\/blog\/wp-content\/uploads\/2025\/02\/Casa-E1-Jerez-Arquitectos-\u00a9-Inaki-Bergera-09.jpg'><img loading=\"lazy\" decoding=\"async\" width=\"120\" height=\"120\" src=\"https:\/\/veredes.es\/blog\/wp-content\/uploads\/2025\/02\/Casa-E1-Jerez-Arquitectos-\u00a9-Inaki-Bergera-09-120x120.jpg\" class=\"attachment-thumbnail size-thumbnail\" alt=\"\" aria-describedby=\"gallery-1-101075\" \/><\/a>\n\t\t\t<\/div>\n\t\t\t\t<figcaption class='wp-caption-text gallery-caption' id='gallery-1-101075'>\n\t\t\t\tCasa E1 | Jerez Arquitectos \u00a9 I\u00f1aki Bergera\n\t\t\t\t<\/figcaption><\/figure>\n\t\t<\/div>\n\n<p style=\"text-align: justify;\">Obra: Casa E1<br \/>\nAutores: Jerez Arquitectos (Enrique Jerez Abajo, Rebeca Piedra Due\u00f1as, Jos\u00e9 M. M\u00e9ndez Primo)<br \/>\nEmplazamiento: Burgos, Espa\u00f1a<br \/>\nColaboradores: Agust\u00edn de la Torre G\u00f3mez, Clara Alonso Mart\u00edn<br \/>\nAparejador: Jos\u00e9 Piedra, Rebeca de la Cal, Javier L\u00f3pez<br \/>\nA\u00f1o: 2021-24<br \/>\nCliente: Privado. Promotor: Residencial Camino de Santiago<br \/>\nSuperficie: 183 m2 construidos<br \/>\nConstructora: Residencial Camino de Santiago<br \/>\nEstructura: Rubiera<br \/>\nCarpinter\u00eda: Carpinter\u00eda Guada<br \/>\nLadrillos: Barruca<br \/>\nMobiliario y equipamiento: Richana<br \/>\nFotograf\u00eda: I\u00f1aki Bergera<br \/>\n<a href=\"https:\/\/www.jerezarquitectos.com\/\" target=\"_blank\" rel=\"noopener\">+ jerezarquitectos.com<\/a><\/p>\n","protected":false},"excerpt":{"rendered":"<p>El proyecto resuelve con sencillez una situaci\u00f3n muy habitual en la periferia de nuestras ciudades, con el fin de convertirse en una soluci\u00f3n repetible por su calidad espacial, facilidad constructiva, eficiencia energ\u00e9tica y econom\u00eda de medios. La parcela, rectangular y plana, apenas mide 275m2. Estas reducidas dimensiones, unidas a los retranqueos exigidos por la normativa, [&hellip;]<\/p>\n","protected":false},"author":2,"featured_media":101067,"comment_status":"open","ping_status":"closed","sticky":false,"template":"","format":"standard","meta":{"footnotes":""},"categories":[34,23,5951,59],"tags":[2631,229,432,13220,14831,17710,16550,12455],"class_list":{"0":"post-101048","1":"post","2":"type-post","3":"status-publish","4":"format-standard","5":"has-post-thumbnail","7":"category-arquitectura","8":"category-obras","9":"category-slider-principal","11":"tag-arquitectura-espanola","12":"tag-burgos","13":"tag-diseno-interiores","14":"tag-enrique-jerez-abajo","15":"tag-jerez-arquitectos","16":"tag-jose-m-mendez-primo","17":"tag-rebeca-piedra-duenas","18":"tag-vivienda-unifamiliar"},"yoast_head":"<!-- This site is optimized with the Yoast SEO plugin v27.5 - https:\/\/yoast.com\/product\/yoast-seo-wordpress\/ -->\n<title>Casa E1 | Jerez Arquitectos - veredes<\/title>\n<meta name=\"description\" content=\"Toda la informaci\u00f3n sobre: Casa E1 | Jerez Arquitectos\" \/>\n<meta name=\"robots\" content=\"index, follow, max-snippet:-1, max-image-preview:large, max-video-preview:-1\" \/>\n<link rel=\"canonical\" href=\"https:\/\/veredes.es\/blog\/casa-e1-jerez-arquitectos\/\" \/>\n<meta property=\"og:locale\" content=\"es_ES\" \/>\n<meta property=\"og:type\" content=\"article\" \/>\n<meta property=\"og:title\" content=\"Casa E1 | Jerez Arquitectos - veredes\" \/>\n<meta property=\"og:description\" content=\"Toda la informaci\u00f3n sobre: Casa E1 | Jerez Arquitectos\" \/>\n<meta property=\"og:url\" content=\"https:\/\/veredes.es\/blog\/casa-e1-jerez-arquitectos\/\" \/>\n<meta property=\"og:site_name\" content=\"veredes, arquitectura y divulgaci\u00f3n\" \/>\n<meta property=\"article:publisher\" content=\"https:\/\/www.facebook.com\/veredesArquitecturayDivulgacion\/\" \/>\n<meta property=\"article:author\" content=\"https:\/\/www.facebook.com\/veredesArquitecturayDivulgacion\/\" \/>\n<meta property=\"article:published_time\" content=\"2025-02-04T23:01:57+00:00\" \/>\n<meta property=\"og:image\" content=\"https:\/\/veredes.es\/blog\/wp-content\/uploads\/2025\/02\/Casa-E1-Jerez-Arquitectos-\u00a9-Inaki-Bergera-01.jpg\" \/>\n\t<meta property=\"og:image:width\" content=\"1400\" \/>\n\t<meta property=\"og:image:height\" content=\"933\" \/>\n\t<meta property=\"og:image:type\" content=\"image\/jpeg\" \/>\n<meta name=\"author\" content=\"veredes\" \/>\n<meta name=\"twitter:card\" content=\"summary_large_image\" \/>\n<meta name=\"twitter:creator\" content=\"@https:\/\/twitter.com\/veredes\" \/>\n<meta name=\"twitter:site\" content=\"@veredes\" \/>\n<meta name=\"twitter:label1\" content=\"Escrito por\" \/>\n\t<meta name=\"twitter:data1\" content=\"veredes\" \/>\n\t<meta name=\"twitter:label2\" content=\"Tiempo de lectura\" \/>\n\t<meta name=\"twitter:data2\" content=\"4 minutos\" \/>\n<script type=\"application\/ld+json\" class=\"yoast-schema-graph\">{\"@context\":\"https:\\\/\\\/schema.org\",\"@graph\":[{\"@type\":\"Article\",\"@id\":\"https:\\\/\\\/veredes.es\\\/blog\\\/casa-e1-jerez-arquitectos\\\/#article\",\"isPartOf\":{\"@id\":\"https:\\\/\\\/veredes.es\\\/blog\\\/casa-e1-jerez-arquitectos\\\/\"},\"author\":{\"name\":\"veredes\",\"@id\":\"https:\\\/\\\/veredes.es\\\/blog\\\/#\\\/schema\\\/person\\\/0bbb669073ef7faba5168a0844e93d2c\"},\"headline\":\"Casa E1 | Jerez Arquitectos\",\"datePublished\":\"2025-02-04T23:01:57+00:00\",\"mainEntityOfPage\":{\"@id\":\"https:\\\/\\\/veredes.es\\\/blog\\\/casa-e1-jerez-arquitectos\\\/\"},\"wordCount\":515,\"commentCount\":0,\"publisher\":{\"@id\":\"https:\\\/\\\/veredes.es\\\/blog\\\/#organization\"},\"image\":{\"@id\":\"https:\\\/\\\/veredes.es\\\/blog\\\/casa-e1-jerez-arquitectos\\\/#primaryimage\"},\"thumbnailUrl\":\"https:\\\/\\\/veredes.es\\\/blog\\\/wp-content\\\/uploads\\\/2025\\\/02\\\/Casa-E1-Jerez-Arquitectos-\u00a9-Inaki-Bergera-01.jpg\",\"keywords\":[\"arquitectura espa\u00f1ola\",\"Burgos\",\"dise\u00f1o interiores\",\"Enrique Jerez Abajo\",\"Jerez Arquitectos\",\"Jos\u00e9 M. M\u00e9ndez Primo\",\"Rebeca Piedra Due\u00f1as\",\"vivienda unifamiliar\"],\"articleSection\":[\"arquitectura\",\"obras\",\"slider principal\",\"vivienda unifamiliar\"],\"inLanguage\":\"es\",\"potentialAction\":[{\"@type\":\"CommentAction\",\"name\":\"Comment\",\"target\":[\"https:\\\/\\\/veredes.es\\\/blog\\\/casa-e1-jerez-arquitectos\\\/#respond\"]}]},{\"@type\":\"WebPage\",\"@id\":\"https:\\\/\\\/veredes.es\\\/blog\\\/casa-e1-jerez-arquitectos\\\/\",\"url\":\"https:\\\/\\\/veredes.es\\\/blog\\\/casa-e1-jerez-arquitectos\\\/\",\"name\":\"Casa E1 | Jerez Arquitectos - veredes\",\"isPartOf\":{\"@id\":\"https:\\\/\\\/veredes.es\\\/blog\\\/#website\"},\"primaryImageOfPage\":{\"@id\":\"https:\\\/\\\/veredes.es\\\/blog\\\/casa-e1-jerez-arquitectos\\\/#primaryimage\"},\"image\":{\"@id\":\"https:\\\/\\\/veredes.es\\\/blog\\\/casa-e1-jerez-arquitectos\\\/#primaryimage\"},\"thumbnailUrl\":\"https:\\\/\\\/veredes.es\\\/blog\\\/wp-content\\\/uploads\\\/2025\\\/02\\\/Casa-E1-Jerez-Arquitectos-\u00a9-Inaki-Bergera-01.jpg\",\"datePublished\":\"2025-02-04T23:01:57+00:00\",\"description\":\"Toda la informaci\u00f3n sobre: Casa E1 | Jerez Arquitectos\",\"breadcrumb\":{\"@id\":\"https:\\\/\\\/veredes.es\\\/blog\\\/casa-e1-jerez-arquitectos\\\/#breadcrumb\"},\"inLanguage\":\"es\",\"potentialAction\":[{\"@type\":\"ReadAction\",\"target\":[\"https:\\\/\\\/veredes.es\\\/blog\\\/casa-e1-jerez-arquitectos\\\/\"]}]},{\"@type\":\"ImageObject\",\"inLanguage\":\"es\",\"@id\":\"https:\\\/\\\/veredes.es\\\/blog\\\/casa-e1-jerez-arquitectos\\\/#primaryimage\",\"url\":\"https:\\\/\\\/veredes.es\\\/blog\\\/wp-content\\\/uploads\\\/2025\\\/02\\\/Casa-E1-Jerez-Arquitectos-\u00a9-Inaki-Bergera-01.jpg\",\"contentUrl\":\"https:\\\/\\\/veredes.es\\\/blog\\\/wp-content\\\/uploads\\\/2025\\\/02\\\/Casa-E1-Jerez-Arquitectos-\u00a9-Inaki-Bergera-01.jpg\",\"width\":1400,\"height\":933,\"caption\":\"Casa E1 | Jerez Arquitectos \u00a9 I\u00f1aki Bergera\"},{\"@type\":\"BreadcrumbList\",\"@id\":\"https:\\\/\\\/veredes.es\\\/blog\\\/casa-e1-jerez-arquitectos\\\/#breadcrumb\",\"itemListElement\":[{\"@type\":\"ListItem\",\"position\":1,\"name\":\"Portada\",\"item\":\"https:\\\/\\\/veredes.es\\\/blog\\\/\"},{\"@type\":\"ListItem\",\"position\":2,\"name\":\"Casa E1 | Jerez Arquitectos\"}]},{\"@type\":\"WebSite\",\"@id\":\"https:\\\/\\\/veredes.es\\\/blog\\\/#website\",\"url\":\"https:\\\/\\\/veredes.es\\\/blog\\\/\",\"name\":\"veredes, arquitectura y divulgaci\u00f3n\",\"description\":\"veredes\",\"publisher\":{\"@id\":\"https:\\\/\\\/veredes.es\\\/blog\\\/#organization\"},\"alternateName\":\"veredes\",\"potentialAction\":[{\"@type\":\"SearchAction\",\"target\":{\"@type\":\"EntryPoint\",\"urlTemplate\":\"https:\\\/\\\/veredes.es\\\/blog\\\/?s={search_term_string}\"},\"query-input\":{\"@type\":\"PropertyValueSpecification\",\"valueRequired\":true,\"valueName\":\"search_term_string\"}}],\"inLanguage\":\"es\"},{\"@type\":\"Organization\",\"@id\":\"https:\\\/\\\/veredes.es\\\/blog\\\/#organization\",\"name\":\"veredes, arquitectura y divulgaci\u00f3n\",\"alternateName\":\"veredes\",\"url\":\"https:\\\/\\\/veredes.es\\\/blog\\\/\",\"logo\":{\"@type\":\"ImageObject\",\"inLanguage\":\"es\",\"@id\":\"https:\\\/\\\/veredes.es\\\/blog\\\/#\\\/schema\\\/logo\\\/image\\\/\",\"url\":\"https:\\\/\\\/veredes.es\\\/blog\\\/wp-content\\\/uploads\\\/2021\\\/12\\\/veredes-logo-centrado_140x54.png\",\"contentUrl\":\"https:\\\/\\\/veredes.es\\\/blog\\\/wp-content\\\/uploads\\\/2021\\\/12\\\/veredes-logo-centrado_140x54.png\",\"width\":140,\"height\":54,\"caption\":\"veredes, arquitectura y divulgaci\u00f3n\"},\"image\":{\"@id\":\"https:\\\/\\\/veredes.es\\\/blog\\\/#\\\/schema\\\/logo\\\/image\\\/\"},\"sameAs\":[\"https:\\\/\\\/www.facebook.com\\\/veredesArquitecturayDivulgacion\\\/\",\"https:\\\/\\\/x.com\\\/veredes\",\"https:\\\/\\\/instagram.com\\\/veredes\\\/\",\"https:\\\/\\\/www.linkedin.com\\\/company\\\/veredes-arquitectura-y-divulgacion\\\/\",\"https:\\\/\\\/es.pinterest.com\\\/veredes\\\/\",\"https:\\\/\\\/www.tumblr.com\\\/veredes\"]},{\"@type\":\"Person\",\"@id\":\"https:\\\/\\\/veredes.es\\\/blog\\\/#\\\/schema\\\/person\\\/0bbb669073ef7faba5168a0844e93d2c\",\"name\":\"veredes\",\"image\":{\"@type\":\"ImageObject\",\"inLanguage\":\"es\",\"@id\":\"https:\\\/\\\/veredes.es\\\/blog\\\/wp-content\\\/uploads\\\/2018\\\/04\\\/face-96x96.jpg\",\"url\":\"https:\\\/\\\/veredes.es\\\/blog\\\/wp-content\\\/uploads\\\/2018\\\/04\\\/face-96x96.jpg\",\"contentUrl\":\"https:\\\/\\\/veredes.es\\\/blog\\\/wp-content\\\/uploads\\\/2018\\\/04\\\/face-96x96.jpg\",\"caption\":\"veredes\"},\"description\":\"Surge enero de 2009 como b\u00fasqueda de satisfacer el conocimiento de la actividad arquitect\u00f3nica y tangentes que se generan. La idea es crear un espacio para divulgar los diversos proyectos en busca de nueva inspiraci\u00f3n y de intercambio.\",\"sameAs\":[\"https:\\\/\\\/veredes.es\\\/\",\"https:\\\/\\\/www.facebook.com\\\/veredesArquitecturayDivulgacion\\\/\",\"https:\\\/\\\/www.instagram.com\\\/veredes\\\/\",\"https:\\\/\\\/www.linkedin.com\\\/company\\\/veredes-arquitectura-y-divulgacion\\\/\",\"https:\\\/\\\/www.pinterest.es\\\/veredes\\\/\",\"https:\\\/\\\/x.com\\\/https:\\\/\\\/twitter.com\\\/veredes\",\"https:\\\/\\\/veredes.tumblr.com\\\/\"],\"url\":\"https:\\\/\\\/veredes.es\\\/blog\\\/author\\\/alberto\\\/\"}]}<\/script>\n<!-- \/ Yoast SEO plugin. -->","yoast_head_json":{"title":"Casa E1 | Jerez Arquitectos - veredes","description":"Toda la informaci\u00f3n sobre: Casa E1 | Jerez Arquitectos","robots":{"index":"index","follow":"follow","max-snippet":"max-snippet:-1","max-image-preview":"max-image-preview:large","max-video-preview":"max-video-preview:-1"},"canonical":"https:\/\/veredes.es\/blog\/casa-e1-jerez-arquitectos\/","og_locale":"es_ES","og_type":"article","og_title":"Casa E1 | Jerez Arquitectos - veredes","og_description":"Toda la informaci\u00f3n sobre: Casa E1 | Jerez Arquitectos","og_url":"https:\/\/veredes.es\/blog\/casa-e1-jerez-arquitectos\/","og_site_name":"veredes, arquitectura y divulgaci\u00f3n","article_publisher":"https:\/\/www.facebook.com\/veredesArquitecturayDivulgacion\/","article_author":"https:\/\/www.facebook.com\/veredesArquitecturayDivulgacion\/","article_published_time":"2025-02-04T23:01:57+00:00","og_image":[{"width":1400,"height":933,"url":"https:\/\/veredes.es\/blog\/wp-content\/uploads\/2025\/02\/Casa-E1-Jerez-Arquitectos-\u00a9-Inaki-Bergera-01.jpg","type":"image\/jpeg"}],"author":"veredes","twitter_card":"summary_large_image","twitter_creator":"@https:\/\/twitter.com\/veredes","twitter_site":"@veredes","twitter_misc":{"Escrito por":"veredes","Tiempo de lectura":"4 minutos"},"schema":{"@context":"https:\/\/schema.org","@graph":[{"@type":"Article","@id":"https:\/\/veredes.es\/blog\/casa-e1-jerez-arquitectos\/#article","isPartOf":{"@id":"https:\/\/veredes.es\/blog\/casa-e1-jerez-arquitectos\/"},"author":{"name":"veredes","@id":"https:\/\/veredes.es\/blog\/#\/schema\/person\/0bbb669073ef7faba5168a0844e93d2c"},"headline":"Casa E1 | Jerez Arquitectos","datePublished":"2025-02-04T23:01:57+00:00","mainEntityOfPage":{"@id":"https:\/\/veredes.es\/blog\/casa-e1-jerez-arquitectos\/"},"wordCount":515,"commentCount":0,"publisher":{"@id":"https:\/\/veredes.es\/blog\/#organization"},"image":{"@id":"https:\/\/veredes.es\/blog\/casa-e1-jerez-arquitectos\/#primaryimage"},"thumbnailUrl":"https:\/\/veredes.es\/blog\/wp-content\/uploads\/2025\/02\/Casa-E1-Jerez-Arquitectos-\u00a9-Inaki-Bergera-01.jpg","keywords":["arquitectura espa\u00f1ola","Burgos","dise\u00f1o interiores","Enrique Jerez Abajo","Jerez Arquitectos","Jos\u00e9 M. M\u00e9ndez Primo","Rebeca Piedra Due\u00f1as","vivienda unifamiliar"],"articleSection":["arquitectura","obras","slider principal","vivienda unifamiliar"],"inLanguage":"es","potentialAction":[{"@type":"CommentAction","name":"Comment","target":["https:\/\/veredes.es\/blog\/casa-e1-jerez-arquitectos\/#respond"]}]},{"@type":"WebPage","@id":"https:\/\/veredes.es\/blog\/casa-e1-jerez-arquitectos\/","url":"https:\/\/veredes.es\/blog\/casa-e1-jerez-arquitectos\/","name":"Casa E1 | Jerez Arquitectos - veredes","isPartOf":{"@id":"https:\/\/veredes.es\/blog\/#website"},"primaryImageOfPage":{"@id":"https:\/\/veredes.es\/blog\/casa-e1-jerez-arquitectos\/#primaryimage"},"image":{"@id":"https:\/\/veredes.es\/blog\/casa-e1-jerez-arquitectos\/#primaryimage"},"thumbnailUrl":"https:\/\/veredes.es\/blog\/wp-content\/uploads\/2025\/02\/Casa-E1-Jerez-Arquitectos-\u00a9-Inaki-Bergera-01.jpg","datePublished":"2025-02-04T23:01:57+00:00","description":"Toda la informaci\u00f3n sobre: Casa E1 | Jerez Arquitectos","breadcrumb":{"@id":"https:\/\/veredes.es\/blog\/casa-e1-jerez-arquitectos\/#breadcrumb"},"inLanguage":"es","potentialAction":[{"@type":"ReadAction","target":["https:\/\/veredes.es\/blog\/casa-e1-jerez-arquitectos\/"]}]},{"@type":"ImageObject","inLanguage":"es","@id":"https:\/\/veredes.es\/blog\/casa-e1-jerez-arquitectos\/#primaryimage","url":"https:\/\/veredes.es\/blog\/wp-content\/uploads\/2025\/02\/Casa-E1-Jerez-Arquitectos-\u00a9-Inaki-Bergera-01.jpg","contentUrl":"https:\/\/veredes.es\/blog\/wp-content\/uploads\/2025\/02\/Casa-E1-Jerez-Arquitectos-\u00a9-Inaki-Bergera-01.jpg","width":1400,"height":933,"caption":"Casa E1 | Jerez Arquitectos \u00a9 I\u00f1aki Bergera"},{"@type":"BreadcrumbList","@id":"https:\/\/veredes.es\/blog\/casa-e1-jerez-arquitectos\/#breadcrumb","itemListElement":[{"@type":"ListItem","position":1,"name":"Portada","item":"https:\/\/veredes.es\/blog\/"},{"@type":"ListItem","position":2,"name":"Casa E1 | Jerez Arquitectos"}]},{"@type":"WebSite","@id":"https:\/\/veredes.es\/blog\/#website","url":"https:\/\/veredes.es\/blog\/","name":"veredes, arquitectura y divulgaci\u00f3n","description":"veredes","publisher":{"@id":"https:\/\/veredes.es\/blog\/#organization"},"alternateName":"veredes","potentialAction":[{"@type":"SearchAction","target":{"@type":"EntryPoint","urlTemplate":"https:\/\/veredes.es\/blog\/?s={search_term_string}"},"query-input":{"@type":"PropertyValueSpecification","valueRequired":true,"valueName":"search_term_string"}}],"inLanguage":"es"},{"@type":"Organization","@id":"https:\/\/veredes.es\/blog\/#organization","name":"veredes, arquitectura y divulgaci\u00f3n","alternateName":"veredes","url":"https:\/\/veredes.es\/blog\/","logo":{"@type":"ImageObject","inLanguage":"es","@id":"https:\/\/veredes.es\/blog\/#\/schema\/logo\/image\/","url":"https:\/\/veredes.es\/blog\/wp-content\/uploads\/2021\/12\/veredes-logo-centrado_140x54.png","contentUrl":"https:\/\/veredes.es\/blog\/wp-content\/uploads\/2021\/12\/veredes-logo-centrado_140x54.png","width":140,"height":54,"caption":"veredes, arquitectura y divulgaci\u00f3n"},"image":{"@id":"https:\/\/veredes.es\/blog\/#\/schema\/logo\/image\/"},"sameAs":["https:\/\/www.facebook.com\/veredesArquitecturayDivulgacion\/","https:\/\/x.com\/veredes","https:\/\/instagram.com\/veredes\/","https:\/\/www.linkedin.com\/company\/veredes-arquitectura-y-divulgacion\/","https:\/\/es.pinterest.com\/veredes\/","https:\/\/www.tumblr.com\/veredes"]},{"@type":"Person","@id":"https:\/\/veredes.es\/blog\/#\/schema\/person\/0bbb669073ef7faba5168a0844e93d2c","name":"veredes","image":{"@type":"ImageObject","inLanguage":"es","@id":"https:\/\/veredes.es\/blog\/wp-content\/uploads\/2018\/04\/face-96x96.jpg","url":"https:\/\/veredes.es\/blog\/wp-content\/uploads\/2018\/04\/face-96x96.jpg","contentUrl":"https:\/\/veredes.es\/blog\/wp-content\/uploads\/2018\/04\/face-96x96.jpg","caption":"veredes"},"description":"Surge enero de 2009 como b\u00fasqueda de satisfacer el conocimiento de la actividad arquitect\u00f3nica y tangentes que se generan. La idea es crear un espacio para divulgar los diversos proyectos en busca de nueva inspiraci\u00f3n y de intercambio.","sameAs":["https:\/\/veredes.es\/","https:\/\/www.facebook.com\/veredesArquitecturayDivulgacion\/","https:\/\/www.instagram.com\/veredes\/","https:\/\/www.linkedin.com\/company\/veredes-arquitectura-y-divulgacion\/","https:\/\/www.pinterest.es\/veredes\/","https:\/\/x.com\/https:\/\/twitter.com\/veredes","https:\/\/veredes.tumblr.com\/"],"url":"https:\/\/veredes.es\/blog\/author\/alberto\/"}]}},"_links":{"self":[{"href":"https:\/\/veredes.es\/blog\/wp-json\/wp\/v2\/posts\/101048","targetHints":{"allow":["GET"]}}],"collection":[{"href":"https:\/\/veredes.es\/blog\/wp-json\/wp\/v2\/posts"}],"about":[{"href":"https:\/\/veredes.es\/blog\/wp-json\/wp\/v2\/types\/post"}],"author":[{"embeddable":true,"href":"https:\/\/veredes.es\/blog\/wp-json\/wp\/v2\/users\/2"}],"replies":[{"embeddable":true,"href":"https:\/\/veredes.es\/blog\/wp-json\/wp\/v2\/comments?post=101048"}],"version-history":[{"count":0,"href":"https:\/\/veredes.es\/blog\/wp-json\/wp\/v2\/posts\/101048\/revisions"}],"wp:featuredmedia":[{"embeddable":true,"href":"https:\/\/veredes.es\/blog\/wp-json\/wp\/v2\/media\/101067"}],"wp:attachment":[{"href":"https:\/\/veredes.es\/blog\/wp-json\/wp\/v2\/media?parent=101048"}],"wp:term":[{"taxonomy":"category","embeddable":true,"href":"https:\/\/veredes.es\/blog\/wp-json\/wp\/v2\/categories?post=101048"},{"taxonomy":"post_tag","embeddable":true,"href":"https:\/\/veredes.es\/blog\/wp-json\/wp\/v2\/tags?post=101048"}],"curies":[{"name":"wp","href":"https:\/\/api.w.org\/{rel}","templated":true}]}}