{"id":100477,"date":"2024-12-05T00:01:42","date_gmt":"2024-12-04T23:01:42","guid":{"rendered":"https:\/\/veredes.es\/blog\/?p=100477"},"modified":"2024-11-25T18:35:22","modified_gmt":"2024-11-25T17:35:22","slug":"onduline-ha-participado-en-el-proyecto-de-rehabilitacion-integral-del-cuartel-del-principe-en-alcala-de-henares-con-su-sistema-integral-de-cubierta","status":"publish","type":"post","link":"https:\/\/veredes.es\/blog\/onduline-ha-participado-en-el-proyecto-de-rehabilitacion-integral-del-cuartel-del-principe-en-alcala-de-henares-con-su-sistema-integral-de-cubierta\/","title":{"rendered":"Onduline ha participado en el proyecto de rehabilitaci\u00f3n integral del Cuartel del Pr\u00edncipe, en Alcal\u00e1 de Henares, con su Sistema Integral de Cubierta"},"content":{"rendered":"<figure id=\"attachment_100478\" aria-describedby=\"caption-attachment-100478\" style=\"width: 1400px\" class=\"wp-caption alignnone\"><img loading=\"lazy\" decoding=\"async\" class=\"wp-image-100478 size-full\" title=\"Onduline ha participado en el proyecto de rehabilitaci\u00f3n integral del Cuartel del Pr\u00edncipe, en Alcal\u00e1 de Henares, con su Sistema Integral de Cubierta\" src=\"https:\/\/veredes.es\/blog\/wp-content\/uploads\/2024\/11\/Onduline-en-el-proyecto-de-rehabilitacion-integral-del-Cuartel-del-Principe-en-Alcala-de-Henares-con-su-SISTEMA-INTEGRAL-DE-CUBIERTA.jpg\" alt=\"Onduline ha participado en el proyecto de rehabilitaci\u00f3n integral del Cuartel del Pr\u00edncipe, en Alcal\u00e1 de Henares, con su Sistema Integral de Cubierta\" width=\"1400\" height=\"788\" srcset=\"https:\/\/veredes.es\/blog\/wp-content\/uploads\/2024\/11\/Onduline-en-el-proyecto-de-rehabilitacion-integral-del-Cuartel-del-Principe-en-Alcala-de-Henares-con-su-SISTEMA-INTEGRAL-DE-CUBIERTA.jpg 1400w, https:\/\/veredes.es\/blog\/wp-content\/uploads\/2024\/11\/Onduline-en-el-proyecto-de-rehabilitacion-integral-del-Cuartel-del-Principe-en-Alcala-de-Henares-con-su-SISTEMA-INTEGRAL-DE-CUBIERTA-300x169.jpg 300w, https:\/\/veredes.es\/blog\/wp-content\/uploads\/2024\/11\/Onduline-en-el-proyecto-de-rehabilitacion-integral-del-Cuartel-del-Principe-en-Alcala-de-Henares-con-su-SISTEMA-INTEGRAL-DE-CUBIERTA-1024x576.jpg 1024w, https:\/\/veredes.es\/blog\/wp-content\/uploads\/2024\/11\/Onduline-en-el-proyecto-de-rehabilitacion-integral-del-Cuartel-del-Principe-en-Alcala-de-Henares-con-su-SISTEMA-INTEGRAL-DE-CUBIERTA-746x420.jpg 746w, https:\/\/veredes.es\/blog\/wp-content\/uploads\/2024\/11\/Onduline-en-el-proyecto-de-rehabilitacion-integral-del-Cuartel-del-Principe-en-Alcala-de-Henares-con-su-SISTEMA-INTEGRAL-DE-CUBIERTA-696x392.jpg 696w, https:\/\/veredes.es\/blog\/wp-content\/uploads\/2024\/11\/Onduline-en-el-proyecto-de-rehabilitacion-integral-del-Cuartel-del-Principe-en-Alcala-de-Henares-con-su-SISTEMA-INTEGRAL-DE-CUBIERTA-1068x601.jpg 1068w\" sizes=\"auto, (max-width: 1400px) 100vw, 1400px\" \/><figcaption id=\"caption-attachment-100478\" class=\"wp-caption-text\"><span style=\"color: #999999;\">Onduline ha participado en el proyecto de rehabilitaci\u00f3n integral del Cuartel del Pr\u00edncipe, en Alcal\u00e1 de Henares, con su Sistema Integral de Cubierta<\/span><\/figcaption><\/figure>\n<p style=\"text-align: justify;\"><a href=\"https:\/\/veredes.es\/blog\/tag\/onduline\/\" target=\"_blank\" rel=\"noopener\">Onduline<\/a>, fabricante l\u00edder en soluciones ligeras para el aislamiento y la impermeabilizaci\u00f3n de cubiertas inclinadas, ha participado en el\u00a0proyecto de rehabilitaci\u00f3n integral del Cuartel del Pr\u00edncipe, edificio que es propiedad de la Universidad de Alcal\u00e1 y que est\u00e1 siendo transformado para dotar tanto de nuevas infraestructuras a la Universidad como de diversos espacios abiertos al p\u00fablico.<\/p>\n<p style=\"text-align: justify;\">Se trata de u<strong>n proyecto de gran envergadura, afectando a una superficie envolvente de unos 9.000 m2<\/strong>, que tienen como presupuesto 17 millones de euros y una previsi\u00f3n de 36 meses de ejecuci\u00f3n. Desde la Universidad de Alcal\u00e1 han informado de que se actuar\u00e1 sobre otros 3.600 m2 de edificaciones en una segunda fase.<\/p>\n<p style=\"text-align: justify;\">De entre las propuestas culturales previstas para ofrecer tanto a la propia comunidad universitaria como a la ciudad destacan el auditorio, un nuevo espacio de ocio que ocupar\u00e1 las dos plantas de la cruj\u00eda central\u00a0y que contar\u00e1 con un aforo de hasta 420 personas, ampliable a otras 440 personas, y la ampliaci\u00f3n del Museo de Arte Iberoamericano (MAI) gracias a la incorporaci\u00f3n de nuevos espacios expositivos.<\/p>\n<p style=\"text-align: justify;\">La colaboraci\u00f3n de Onduline en este gran proyecto se ha centrado en los\u00a0<strong>9.000 metros cuadrados de cubierta que han sido rehabilitados energ\u00e9ticamente con el\u00a0<a href=\"https:\/\/es.onduline.com\/es\/profesional\/sistemas-cubierta-y-tejado\/sistema-integral-tejado-y-cubierta\/sistema-integral-onduline\" target=\"_blank\" rel=\"noopener\">SISTEMA INTEGRAL ONDULINE<\/a>.<\/strong><\/p>\n<figure id=\"attachment_100479\" aria-describedby=\"caption-attachment-100479\" style=\"width: 1400px\" class=\"wp-caption alignnone\"><img loading=\"lazy\" decoding=\"async\" class=\"size-full wp-image-100479\" src=\"https:\/\/veredes.es\/blog\/wp-content\/uploads\/2024\/11\/Onduline-en-el-proyecto-de-rehabilitacion-integral-del-Cuartel-del-Principe-en-Alcala-de-Henares-con-su-SISTEMA-INTEGRAL-DE-CUBIERTA-1.jpg\" alt=\"Onduline ha participado en el proyecto de rehabilitaci\u00f3n integral del Cuartel del Pr\u00edncipe, en Alcal\u00e1 de Henares, con su Sistema Integral de Cubierta\" width=\"1400\" height=\"788\" srcset=\"https:\/\/veredes.es\/blog\/wp-content\/uploads\/2024\/11\/Onduline-en-el-proyecto-de-rehabilitacion-integral-del-Cuartel-del-Principe-en-Alcala-de-Henares-con-su-SISTEMA-INTEGRAL-DE-CUBIERTA-1.jpg 1400w, https:\/\/veredes.es\/blog\/wp-content\/uploads\/2024\/11\/Onduline-en-el-proyecto-de-rehabilitacion-integral-del-Cuartel-del-Principe-en-Alcala-de-Henares-con-su-SISTEMA-INTEGRAL-DE-CUBIERTA-1-300x169.jpg 300w, https:\/\/veredes.es\/blog\/wp-content\/uploads\/2024\/11\/Onduline-en-el-proyecto-de-rehabilitacion-integral-del-Cuartel-del-Principe-en-Alcala-de-Henares-con-su-SISTEMA-INTEGRAL-DE-CUBIERTA-1-1024x576.jpg 1024w, https:\/\/veredes.es\/blog\/wp-content\/uploads\/2024\/11\/Onduline-en-el-proyecto-de-rehabilitacion-integral-del-Cuartel-del-Principe-en-Alcala-de-Henares-con-su-SISTEMA-INTEGRAL-DE-CUBIERTA-1-746x420.jpg 746w, https:\/\/veredes.es\/blog\/wp-content\/uploads\/2024\/11\/Onduline-en-el-proyecto-de-rehabilitacion-integral-del-Cuartel-del-Principe-en-Alcala-de-Henares-con-su-SISTEMA-INTEGRAL-DE-CUBIERTA-1-696x392.jpg 696w, https:\/\/veredes.es\/blog\/wp-content\/uploads\/2024\/11\/Onduline-en-el-proyecto-de-rehabilitacion-integral-del-Cuartel-del-Principe-en-Alcala-de-Henares-con-su-SISTEMA-INTEGRAL-DE-CUBIERTA-1-1068x601.jpg 1068w\" sizes=\"auto, (max-width: 1400px) 100vw, 1400px\" \/><figcaption id=\"caption-attachment-100479\" class=\"wp-caption-text\"><span style=\"color: #999999;\">Onduline ha participado en el proyecto de rehabilitaci\u00f3n integral del Cuartel del Pr\u00edncipe, en Alcal\u00e1 de Henares, con su Sistema Integral de Cubierta<\/span><\/figcaption><\/figure>\n<p style=\"text-align: justify;\">Las tareas de rehabilitaci\u00f3n de las distintas cubiertas del Cuartel del Pr\u00edncipe han sido realizadas por la empresa RICA JAMISA bajo la direcci\u00f3n de la UTE TMR-ASCH. Debido al mal estado general que presentaban los diversos tejados, ha sido necesario actuar de manera integral, llegando hasta los soportes estructurales para sanearlos y <strong>aplicar una soluci\u00f3n constructiva completa<\/strong>, contemplando tanto el aislamiento t\u00e9rmico como la impermeabilizaci\u00f3n de las cubiertas, <strong>para cumplir con las exigencias del CTE en materia de eficiencia energ\u00e9tica y salubridad<\/strong>.<\/p>\n<p style=\"text-align: justify;\">Las fases de actuaci\u00f3n llevadas a cabo para completar la rehabilitaci\u00f3n energ\u00e9tica de las cubiertas del Cuartel del Pr\u00edncipe han sido las siguientes:<\/p>\n<ul>\n<li style=\"text-align: justify;\">Retirada de la teja cer\u00e1mica curva original con la consiguiente recuperaci\u00f3n del mayor n\u00famero de piezas posibles para su posterior utilizaci\u00f3n como teja cobija, manteniendo as\u00ed una est\u00e9tica acorde a un edificio hist\u00f3rico como este.<\/li>\n<li style=\"text-align: justify;\">Saneamiento del soporte original de la cubierta, salvaguardando la estructura met\u00e1lica original en la mayor\u00eda de edificios para instalar el panel s\u00e1ndwich ONDUTHERM sobre las correas met\u00e1licas existentes. En uno de los edificios se ha instalado una estructura met\u00e1lica ligera, sobre el soporte inclinado de la cubierta, al que se han fijado los paneles s\u00e1ndwich ONDUTHERM.<\/li>\n<li style=\"text-align: justify;\">Instalaci\u00f3n de paneles s\u00e1ndwich ONDUTHERM sobre estructura met\u00e1lica con tornillos autotaladrantes. Con la instalaci\u00f3n de los paneles s\u00e1ndwich se dota a la cubierta de un soporte continuo resistente y transitable, el aislamiento t\u00e9rmico y ac\u00fastico, y un acabado est\u00e9tico interior, que es visible desde el bajo cubierta.<\/li>\n<li style=\"text-align: justify;\">Instalaci\u00f3n de las placas ONDULINE BAJO TEJA DRS sobre los paneles s\u00e1ndwich ONDUTHERM para garantizar la impermeabilizaci\u00f3n y la microventilaci\u00f3n de la cubierta, alargando su vida \u00fatil y \u00f3ptimas prestaciones durante mucho tiempo.<br \/>\nInstalaci\u00f3n de la cobertura final de la cubierta con\u00a0teja cer\u00e1mica curva nueva como teja canal y teja cer\u00e1mica recuperada como teja cobija, dotando de una est\u00e9tica final acorde a un edificio hist\u00f3rico como este.<\/li>\n<\/ul>\n<h5><strong>Rehabilitaci\u00f3n energ\u00e9tica de cubierta del Cuartel del Pr\u00edncipe, Alcal\u00e1, con SISTEMA INTEGRAL ONDULINE<\/strong><\/h5>\n<p><iframe loading=\"lazy\" title=\"Rehabilitaci\u00f3n de cubierta, SISTEMA INTEGRAL ONDULINE, Cuartel Pr\u00edncipe - Universidad Alcal\u00e1 - Fases\" width=\"696\" height=\"392\" src=\"https:\/\/www.youtube.com\/embed\/Hm8hxxuHgN4?feature=oembed\" frameborder=\"0\" allow=\"accelerometer; autoplay; clipboard-write; encrypted-media; gyroscope; picture-in-picture; web-share\" referrerpolicy=\"strict-origin-when-cross-origin\" allowfullscreen><\/iframe><\/p>\n<h5><strong>SISTEMA INTEGRAL ONDULINE<\/strong><\/h5>\n<p style=\"text-align: justify;\">El sistema constructivo de cubierta utilizado en este proyecto de rehabilitaci\u00f3n de cubierta es una de las soluciones constructivas de Onduline con mayor trayectoria en el sector de la rehabilitaci\u00f3n de cubiertas inclinadas de teja; el <a href=\"https:\/\/es.onduline.com\/es\/profesional\/sistemas-cubierta-y-tejado\/sistema-integral-tejado-y-cubierta\/sistema-integral-onduline\" target=\"_blank\" rel=\"noopener\">SISTEMA INTEGRAL ONDULINE<\/a> es una soluci\u00f3n completa de cubierta muy utilizada en rehabilitaci\u00f3n energ\u00e9tica de cubiertas inclinadas por su sencillez, ligereza y buenas prestaciones tanto t\u00e9rmicas como de resistencia a cargas e impermeabilidad.<\/p>\n<figure id=\"attachment_100481\" aria-describedby=\"caption-attachment-100481\" style=\"width: 1400px\" class=\"wp-caption alignnone\"><img loading=\"lazy\" decoding=\"async\" class=\"size-full wp-image-100481\" src=\"https:\/\/veredes.es\/blog\/wp-content\/uploads\/2024\/12\/Onduline-en-el-proyecto-de-rehabilitacion-integral-del-Cuartel-del-Principe-en-Alcala-de-Henares-con-su-SISTEMA-INTEGRAL-DE-CUBIERTA-2.jpg\" alt=\"Onduline ha participado en el proyecto de rehabilitaci\u00f3n integral del Cuartel del Pr\u00edncipe, en Alcal\u00e1 de Henares, con su Sistema Integral de Cubierta\" width=\"1400\" height=\"788\" srcset=\"https:\/\/veredes.es\/blog\/wp-content\/uploads\/2024\/12\/Onduline-en-el-proyecto-de-rehabilitacion-integral-del-Cuartel-del-Principe-en-Alcala-de-Henares-con-su-SISTEMA-INTEGRAL-DE-CUBIERTA-2.jpg 1400w, https:\/\/veredes.es\/blog\/wp-content\/uploads\/2024\/12\/Onduline-en-el-proyecto-de-rehabilitacion-integral-del-Cuartel-del-Principe-en-Alcala-de-Henares-con-su-SISTEMA-INTEGRAL-DE-CUBIERTA-2-300x169.jpg 300w, https:\/\/veredes.es\/blog\/wp-content\/uploads\/2024\/12\/Onduline-en-el-proyecto-de-rehabilitacion-integral-del-Cuartel-del-Principe-en-Alcala-de-Henares-con-su-SISTEMA-INTEGRAL-DE-CUBIERTA-2-1024x576.jpg 1024w, https:\/\/veredes.es\/blog\/wp-content\/uploads\/2024\/12\/Onduline-en-el-proyecto-de-rehabilitacion-integral-del-Cuartel-del-Principe-en-Alcala-de-Henares-con-su-SISTEMA-INTEGRAL-DE-CUBIERTA-2-746x420.jpg 746w, https:\/\/veredes.es\/blog\/wp-content\/uploads\/2024\/12\/Onduline-en-el-proyecto-de-rehabilitacion-integral-del-Cuartel-del-Principe-en-Alcala-de-Henares-con-su-SISTEMA-INTEGRAL-DE-CUBIERTA-2-696x392.jpg 696w, https:\/\/veredes.es\/blog\/wp-content\/uploads\/2024\/12\/Onduline-en-el-proyecto-de-rehabilitacion-integral-del-Cuartel-del-Principe-en-Alcala-de-Henares-con-su-SISTEMA-INTEGRAL-DE-CUBIERTA-2-1068x601.jpg 1068w\" sizes=\"auto, (max-width: 1400px) 100vw, 1400px\" \/><figcaption id=\"caption-attachment-100481\" class=\"wp-caption-text\"><span style=\"color: #999999;\">Onduline ha participado en el proyecto de rehabilitaci\u00f3n integral del Cuartel del Pr\u00edncipe, en Alcal\u00e1 de Henares, con su Sistema Integral de Cubierta<\/span><\/figcaption><\/figure>\n<p style=\"text-align: justify;\">El SISTEMA INTEGRAL ONDULINE se compone de dos elementos principales:<\/p>\n<p style=\"text-align: justify;\">\u00b7 El <strong>panel s\u00e1ndwich ONDUTHERM<\/strong>, un elemento constructivo que <strong>combina tres componentes diferentes<\/strong> para aportar una serie de funciones complementarias:<\/p>\n<ol>\n<li style=\"list-style-type: none;\">\n<ol>\n<li style=\"text-align: justify;\">Tablero superior: habitualmente de aglomerado hidr\u00f3fugo de 16 o 19 mm. Act\u00faa de soporte facilitando el tr\u00e1nsito por la cubierta y la instalaci\u00f3n posterior de la impermeabilizaci\u00f3n bajo teja.<\/li>\n<li style=\"text-align: justify;\">N\u00facleo aislante: habitualmente de XPS de alta densidad. Aporta el aislamiento t\u00e9rmico y ac\u00fastico de la cubierta, estando disponible en una gran variedad de espesores (desde 40 hasta 200 mm).<\/li>\n<li style=\"text-align: justify;\">Tablero inferior: habitualmente se fabrica con un acabado est\u00e9tico ya que suele quedar visto por el interior a trav\u00e9s de la estructura de la cubierta. Existen distintos acabados para adaptarse a las distintas necesidades de cada proyecto como los frisos de abeto, el yeso, el cemento madera, el OSB, etc.<\/li>\n<\/ol>\n<\/li>\n<\/ol>\n<p style=\"text-align: justify;\">\u00b7 La <a href=\"https:\/\/veredes.es\/blog\/tag\/onduline\/\" target=\"_blank\" rel=\"noopener\"><strong>placa asf\u00e1ltica ONDULINE BAJO TEJA DRS<\/strong><\/a>, elemento que se instala sobre el panel s\u00e1ndwich ONDUTHERM para protegerlo frente a filtraciones y ventilarlo gracias a su formato ondulado. Estas placas bajo teja <strong>dotan de impermeabilizaci\u00f3n a la cubierta y generan la microventilaci\u00f3n<\/strong>, factor muy importante para un panel s\u00e1ndwich de aislante de madera, ya que mantiene unas \u00f3ptimas prestaciones aislantes siempre que este estanco y ventilado.<\/p>\n<figure id=\"attachment_100482\" aria-describedby=\"caption-attachment-100482\" style=\"width: 1280px\" class=\"wp-caption alignnone\"><img loading=\"lazy\" decoding=\"async\" class=\"size-full wp-image-100482\" src=\"https:\/\/veredes.es\/blog\/wp-content\/uploads\/2024\/12\/Onduline-proyecto-rehabilitacion-integral-del-Cuartel-del-Principe-en-Alcala-de-Henares-con-su-Sistema-Integral-de-Cubierta.jpg\" alt=\"Onduline ha participado en el proyecto de rehabilitaci\u00f3n integral del Cuartel del Pr\u00edncipe, en Alcal\u00e1 de Henares, con su Sistema Integral de Cubierta\" width=\"1280\" height=\"751\" srcset=\"https:\/\/veredes.es\/blog\/wp-content\/uploads\/2024\/12\/Onduline-proyecto-rehabilitacion-integral-del-Cuartel-del-Principe-en-Alcala-de-Henares-con-su-Sistema-Integral-de-Cubierta.jpg 1280w, https:\/\/veredes.es\/blog\/wp-content\/uploads\/2024\/12\/Onduline-proyecto-rehabilitacion-integral-del-Cuartel-del-Principe-en-Alcala-de-Henares-con-su-Sistema-Integral-de-Cubierta-300x176.jpg 300w, https:\/\/veredes.es\/blog\/wp-content\/uploads\/2024\/12\/Onduline-proyecto-rehabilitacion-integral-del-Cuartel-del-Principe-en-Alcala-de-Henares-con-su-Sistema-Integral-de-Cubierta-1024x601.jpg 1024w, https:\/\/veredes.es\/blog\/wp-content\/uploads\/2024\/12\/Onduline-proyecto-rehabilitacion-integral-del-Cuartel-del-Principe-en-Alcala-de-Henares-con-su-Sistema-Integral-de-Cubierta-716x420.jpg 716w, https:\/\/veredes.es\/blog\/wp-content\/uploads\/2024\/12\/Onduline-proyecto-rehabilitacion-integral-del-Cuartel-del-Principe-en-Alcala-de-Henares-con-su-Sistema-Integral-de-Cubierta-696x408.jpg 696w, https:\/\/veredes.es\/blog\/wp-content\/uploads\/2024\/12\/Onduline-proyecto-rehabilitacion-integral-del-Cuartel-del-Principe-en-Alcala-de-Henares-con-su-Sistema-Integral-de-Cubierta-1068x627.jpg 1068w\" sizes=\"auto, (max-width: 1280px) 100vw, 1280px\" \/><figcaption id=\"caption-attachment-100482\" class=\"wp-caption-text\"><span style=\"color: #999999;\">Onduline ha participado en el proyecto de rehabilitaci\u00f3n integral del Cuartel del Pr\u00edncipe, en Alcal\u00e1 de Henares, con su Sistema Integral de Cubierta<\/span><\/figcaption><\/figure>\n<p style=\"text-align: justify;\">El\u00a0\u00a0<a href=\"https:\/\/es.onduline.com\/es\/profesional\/sistemas-cubierta-y-tejado\/sistema-integral-tejado-y-cubierta\/sistema-integral-onduline\" target=\"_blank\" rel=\"noopener\">SISTEMA INTEGRAL ONDULINE<\/a> es una soluci\u00f3n constructiva de cubierta muy vers\u00e1til ya que\u00a0<strong>puede utilizarse en combinaci\u00f3n de cualquier tipo de teja o pizarra<\/strong>\u00a0para terminar la cubierta, adapt\u00e1ndose a cualquier climatolog\u00eda gracias a su amplitud de espesores de aislamiento t\u00e9rmico y a un amplio rango de pendientes, <strong>garantizando la impermeabilidad de la cubierta desde tan solo un 15%<\/strong>.<\/p>\n","protected":false},"excerpt":{"rendered":"<p>Onduline, fabricante l\u00edder en soluciones ligeras para el aislamiento y la impermeabilizaci\u00f3n de cubiertas inclinadas, ha participado en el\u00a0proyecto de rehabilitaci\u00f3n integral del Cuartel del Pr\u00edncipe, edificio que es propiedad de la Universidad de Alcal\u00e1 y que est\u00e1 siendo transformado para dotar tanto de nuevas infraestructuras a la Universidad como de diversos espacios abiertos al [&hellip;]<\/p>\n","protected":false},"author":2,"featured_media":100478,"comment_status":"open","ping_status":"closed","sticky":false,"template":"","format":"standard","meta":{"footnotes":""},"categories":[10089,5951],"tags":[5865,2556,365,397,2397,1862,15852,12463,2787,1004,1081,12464,14525],"class_list":{"0":"post-100477","1":"post","2":"type-post","3":"status-publish","4":"format-standard","5":"has-post-thumbnail","7":"category-aparejo","8":"category-slider-principal","9":"tag-arquitectura-gallega","10":"tag-arquitectura-sostenible","11":"tag-construccion","12":"tag-cubierta","13":"tag-diseno-sostenible","14":"tag-eficiencia","15":"tag-onduline","16":"tag-patrimonio","17":"tag-patrimonio-cultural","18":"tag-patrimonio-historico","19":"tag-pontevedra","20":"tag-rehabilitacion","21":"tag-tejas-verea"},"yoast_head":"<!-- This site is optimized with the Yoast SEO plugin v27.4 - https:\/\/yoast.com\/product\/yoast-seo-wordpress\/ -->\n<title>Onduline ha participado en el proyecto de rehabilitaci\u00f3n integral del Cuartel del Pr\u00edncipe, en Alcal\u00e1 de Henares, con su Sistema Integral de Cubierta - veredes<\/title>\n<meta name=\"description\" content=\"Toda la informaci\u00f3n sobre: Onduline ha participado en el proyecto de rehabilitaci\u00f3n integral del Cuartel del Pr\u00edncipe, en Alcal\u00e1 de Henares, con su Sistema Integral de Cubierta\" \/>\n<meta name=\"robots\" content=\"index, follow, max-snippet:-1, max-image-preview:large, max-video-preview:-1\" \/>\n<link rel=\"canonical\" href=\"https:\/\/veredes.es\/blog\/onduline-ha-participado-en-el-proyecto-de-rehabilitacion-integral-del-cuartel-del-principe-en-alcala-de-henares-con-su-sistema-integral-de-cubierta\/\" \/>\n<meta property=\"og:locale\" content=\"es_ES\" \/>\n<meta property=\"og:type\" content=\"article\" \/>\n<meta property=\"og:title\" content=\"Onduline ha participado en el proyecto de rehabilitaci\u00f3n integral del Cuartel del Pr\u00edncipe, en Alcal\u00e1 de Henares, con su Sistema Integral de Cubierta - veredes\" \/>\n<meta property=\"og:description\" content=\"Toda la informaci\u00f3n sobre: Onduline ha participado en el proyecto de rehabilitaci\u00f3n integral del Cuartel del Pr\u00edncipe, en Alcal\u00e1 de Henares, con su Sistema Integral de Cubierta\" \/>\n<meta property=\"og:url\" content=\"https:\/\/veredes.es\/blog\/onduline-ha-participado-en-el-proyecto-de-rehabilitacion-integral-del-cuartel-del-principe-en-alcala-de-henares-con-su-sistema-integral-de-cubierta\/\" \/>\n<meta property=\"og:site_name\" content=\"veredes, arquitectura y divulgaci\u00f3n\" \/>\n<meta property=\"article:publisher\" content=\"https:\/\/www.facebook.com\/veredesArquitecturayDivulgacion\/\" \/>\n<meta property=\"article:author\" content=\"https:\/\/www.facebook.com\/veredesArquitecturayDivulgacion\/\" \/>\n<meta property=\"article:published_time\" content=\"2024-12-04T23:01:42+00:00\" \/>\n<meta property=\"og:image\" content=\"https:\/\/veredes.es\/blog\/wp-content\/uploads\/2024\/11\/Onduline-en-el-proyecto-de-rehabilitacion-integral-del-Cuartel-del-Principe-en-Alcala-de-Henares-con-su-SISTEMA-INTEGRAL-DE-CUBIERTA.jpg\" \/>\n\t<meta property=\"og:image:width\" content=\"1400\" \/>\n\t<meta property=\"og:image:height\" content=\"788\" \/>\n\t<meta property=\"og:image:type\" content=\"image\/jpeg\" \/>\n<meta name=\"author\" content=\"veredes\" \/>\n<meta name=\"twitter:card\" content=\"summary_large_image\" \/>\n<meta name=\"twitter:creator\" content=\"@https:\/\/twitter.com\/veredes\" \/>\n<meta name=\"twitter:site\" content=\"@veredes\" \/>\n<meta name=\"twitter:label1\" content=\"Escrito por\" \/>\n\t<meta name=\"twitter:data1\" content=\"veredes\" \/>\n\t<meta name=\"twitter:label2\" content=\"Tiempo de lectura\" \/>\n\t<meta name=\"twitter:data2\" content=\"6 minutos\" \/>\n<script type=\"application\/ld+json\" class=\"yoast-schema-graph\">{\"@context\":\"https:\\\/\\\/schema.org\",\"@graph\":[{\"@type\":\"Article\",\"@id\":\"https:\\\/\\\/veredes.es\\\/blog\\\/onduline-ha-participado-en-el-proyecto-de-rehabilitacion-integral-del-cuartel-del-principe-en-alcala-de-henares-con-su-sistema-integral-de-cubierta\\\/#article\",\"isPartOf\":{\"@id\":\"https:\\\/\\\/veredes.es\\\/blog\\\/onduline-ha-participado-en-el-proyecto-de-rehabilitacion-integral-del-cuartel-del-principe-en-alcala-de-henares-con-su-sistema-integral-de-cubierta\\\/\"},\"author\":{\"name\":\"veredes\",\"@id\":\"https:\\\/\\\/veredes.es\\\/blog\\\/#\\\/schema\\\/person\\\/0bbb669073ef7faba5168a0844e93d2c\"},\"headline\":\"Onduline ha participado en el proyecto de rehabilitaci\u00f3n integral del Cuartel del Pr\u00edncipe, en Alcal\u00e1 de Henares, con su Sistema Integral de Cubierta\",\"datePublished\":\"2024-12-04T23:01:42+00:00\",\"mainEntityOfPage\":{\"@id\":\"https:\\\/\\\/veredes.es\\\/blog\\\/onduline-ha-participado-en-el-proyecto-de-rehabilitacion-integral-del-cuartel-del-principe-en-alcala-de-henares-con-su-sistema-integral-de-cubierta\\\/\"},\"wordCount\":1095,\"commentCount\":0,\"publisher\":{\"@id\":\"https:\\\/\\\/veredes.es\\\/blog\\\/#organization\"},\"image\":{\"@id\":\"https:\\\/\\\/veredes.es\\\/blog\\\/onduline-ha-participado-en-el-proyecto-de-rehabilitacion-integral-del-cuartel-del-principe-en-alcala-de-henares-con-su-sistema-integral-de-cubierta\\\/#primaryimage\"},\"thumbnailUrl\":\"https:\\\/\\\/veredes.es\\\/blog\\\/wp-content\\\/uploads\\\/2024\\\/11\\\/Onduline-en-el-proyecto-de-rehabilitacion-integral-del-Cuartel-del-Principe-en-Alcala-de-Henares-con-su-SISTEMA-INTEGRAL-DE-CUBIERTA.jpg\",\"keywords\":[\"arquitectura gallega\",\"arquitectura sostenible\",\"construcci\u00f3n\",\"cubierta\",\"dise\u00f1o sostenible\",\"eficiencia\",\"onduline\",\"patrimonio\",\"patrimonio cultural\",\"patrimonio hist\u00f3rico\",\"Pontevedra\",\"rehabilitaci\u00f3n\",\"Tejas Verea\"],\"articleSection\":[\"aparejo\",\"slider principal\"],\"inLanguage\":\"es\",\"potentialAction\":[{\"@type\":\"CommentAction\",\"name\":\"Comment\",\"target\":[\"https:\\\/\\\/veredes.es\\\/blog\\\/onduline-ha-participado-en-el-proyecto-de-rehabilitacion-integral-del-cuartel-del-principe-en-alcala-de-henares-con-su-sistema-integral-de-cubierta\\\/#respond\"]}]},{\"@type\":\"WebPage\",\"@id\":\"https:\\\/\\\/veredes.es\\\/blog\\\/onduline-ha-participado-en-el-proyecto-de-rehabilitacion-integral-del-cuartel-del-principe-en-alcala-de-henares-con-su-sistema-integral-de-cubierta\\\/\",\"url\":\"https:\\\/\\\/veredes.es\\\/blog\\\/onduline-ha-participado-en-el-proyecto-de-rehabilitacion-integral-del-cuartel-del-principe-en-alcala-de-henares-con-su-sistema-integral-de-cubierta\\\/\",\"name\":\"Onduline ha participado en el proyecto de rehabilitaci\u00f3n integral del Cuartel del Pr\u00edncipe, en Alcal\u00e1 de Henares, con su Sistema Integral de Cubierta - veredes\",\"isPartOf\":{\"@id\":\"https:\\\/\\\/veredes.es\\\/blog\\\/#website\"},\"primaryImageOfPage\":{\"@id\":\"https:\\\/\\\/veredes.es\\\/blog\\\/onduline-ha-participado-en-el-proyecto-de-rehabilitacion-integral-del-cuartel-del-principe-en-alcala-de-henares-con-su-sistema-integral-de-cubierta\\\/#primaryimage\"},\"image\":{\"@id\":\"https:\\\/\\\/veredes.es\\\/blog\\\/onduline-ha-participado-en-el-proyecto-de-rehabilitacion-integral-del-cuartel-del-principe-en-alcala-de-henares-con-su-sistema-integral-de-cubierta\\\/#primaryimage\"},\"thumbnailUrl\":\"https:\\\/\\\/veredes.es\\\/blog\\\/wp-content\\\/uploads\\\/2024\\\/11\\\/Onduline-en-el-proyecto-de-rehabilitacion-integral-del-Cuartel-del-Principe-en-Alcala-de-Henares-con-su-SISTEMA-INTEGRAL-DE-CUBIERTA.jpg\",\"datePublished\":\"2024-12-04T23:01:42+00:00\",\"description\":\"Toda la informaci\u00f3n sobre: Onduline ha participado en el proyecto de rehabilitaci\u00f3n integral del Cuartel del Pr\u00edncipe, en Alcal\u00e1 de Henares, con su Sistema Integral de Cubierta\",\"breadcrumb\":{\"@id\":\"https:\\\/\\\/veredes.es\\\/blog\\\/onduline-ha-participado-en-el-proyecto-de-rehabilitacion-integral-del-cuartel-del-principe-en-alcala-de-henares-con-su-sistema-integral-de-cubierta\\\/#breadcrumb\"},\"inLanguage\":\"es\",\"potentialAction\":[{\"@type\":\"ReadAction\",\"target\":[\"https:\\\/\\\/veredes.es\\\/blog\\\/onduline-ha-participado-en-el-proyecto-de-rehabilitacion-integral-del-cuartel-del-principe-en-alcala-de-henares-con-su-sistema-integral-de-cubierta\\\/\"]}]},{\"@type\":\"ImageObject\",\"inLanguage\":\"es\",\"@id\":\"https:\\\/\\\/veredes.es\\\/blog\\\/onduline-ha-participado-en-el-proyecto-de-rehabilitacion-integral-del-cuartel-del-principe-en-alcala-de-henares-con-su-sistema-integral-de-cubierta\\\/#primaryimage\",\"url\":\"https:\\\/\\\/veredes.es\\\/blog\\\/wp-content\\\/uploads\\\/2024\\\/11\\\/Onduline-en-el-proyecto-de-rehabilitacion-integral-del-Cuartel-del-Principe-en-Alcala-de-Henares-con-su-SISTEMA-INTEGRAL-DE-CUBIERTA.jpg\",\"contentUrl\":\"https:\\\/\\\/veredes.es\\\/blog\\\/wp-content\\\/uploads\\\/2024\\\/11\\\/Onduline-en-el-proyecto-de-rehabilitacion-integral-del-Cuartel-del-Principe-en-Alcala-de-Henares-con-su-SISTEMA-INTEGRAL-DE-CUBIERTA.jpg\",\"width\":1400,\"height\":788,\"caption\":\"Onduline ha participado en el proyecto de rehabilitaci\u00f3n integral del Cuartel del Pr\u00edncipe, en Alcal\u00e1 de Henares, con su Sistema Integral de Cubierta\"},{\"@type\":\"BreadcrumbList\",\"@id\":\"https:\\\/\\\/veredes.es\\\/blog\\\/onduline-ha-participado-en-el-proyecto-de-rehabilitacion-integral-del-cuartel-del-principe-en-alcala-de-henares-con-su-sistema-integral-de-cubierta\\\/#breadcrumb\",\"itemListElement\":[{\"@type\":\"ListItem\",\"position\":1,\"name\":\"Portada\",\"item\":\"https:\\\/\\\/veredes.es\\\/blog\\\/\"},{\"@type\":\"ListItem\",\"position\":2,\"name\":\"Onduline ha participado en el proyecto de rehabilitaci\u00f3n integral del Cuartel del Pr\u00edncipe, en Alcal\u00e1 de Henares, con su Sistema Integral de Cubierta\"}]},{\"@type\":\"WebSite\",\"@id\":\"https:\\\/\\\/veredes.es\\\/blog\\\/#website\",\"url\":\"https:\\\/\\\/veredes.es\\\/blog\\\/\",\"name\":\"veredes, arquitectura y divulgaci\u00f3n\",\"description\":\"veredes\",\"publisher\":{\"@id\":\"https:\\\/\\\/veredes.es\\\/blog\\\/#organization\"},\"alternateName\":\"veredes\",\"potentialAction\":[{\"@type\":\"SearchAction\",\"target\":{\"@type\":\"EntryPoint\",\"urlTemplate\":\"https:\\\/\\\/veredes.es\\\/blog\\\/?s={search_term_string}\"},\"query-input\":{\"@type\":\"PropertyValueSpecification\",\"valueRequired\":true,\"valueName\":\"search_term_string\"}}],\"inLanguage\":\"es\"},{\"@type\":\"Organization\",\"@id\":\"https:\\\/\\\/veredes.es\\\/blog\\\/#organization\",\"name\":\"veredes, arquitectura y divulgaci\u00f3n\",\"alternateName\":\"veredes\",\"url\":\"https:\\\/\\\/veredes.es\\\/blog\\\/\",\"logo\":{\"@type\":\"ImageObject\",\"inLanguage\":\"es\",\"@id\":\"https:\\\/\\\/veredes.es\\\/blog\\\/#\\\/schema\\\/logo\\\/image\\\/\",\"url\":\"https:\\\/\\\/veredes.es\\\/blog\\\/wp-content\\\/uploads\\\/2021\\\/12\\\/veredes-logo-centrado_140x54.png\",\"contentUrl\":\"https:\\\/\\\/veredes.es\\\/blog\\\/wp-content\\\/uploads\\\/2021\\\/12\\\/veredes-logo-centrado_140x54.png\",\"width\":140,\"height\":54,\"caption\":\"veredes, arquitectura y divulgaci\u00f3n\"},\"image\":{\"@id\":\"https:\\\/\\\/veredes.es\\\/blog\\\/#\\\/schema\\\/logo\\\/image\\\/\"},\"sameAs\":[\"https:\\\/\\\/www.facebook.com\\\/veredesArquitecturayDivulgacion\\\/\",\"https:\\\/\\\/x.com\\\/veredes\",\"https:\\\/\\\/instagram.com\\\/veredes\\\/\",\"https:\\\/\\\/www.linkedin.com\\\/company\\\/veredes-arquitectura-y-divulgacion\\\/\",\"https:\\\/\\\/es.pinterest.com\\\/veredes\\\/\",\"https:\\\/\\\/www.tumblr.com\\\/veredes\"]},{\"@type\":\"Person\",\"@id\":\"https:\\\/\\\/veredes.es\\\/blog\\\/#\\\/schema\\\/person\\\/0bbb669073ef7faba5168a0844e93d2c\",\"name\":\"veredes\",\"image\":{\"@type\":\"ImageObject\",\"inLanguage\":\"es\",\"@id\":\"https:\\\/\\\/veredes.es\\\/blog\\\/wp-content\\\/uploads\\\/2018\\\/04\\\/face-96x96.jpg\",\"url\":\"https:\\\/\\\/veredes.es\\\/blog\\\/wp-content\\\/uploads\\\/2018\\\/04\\\/face-96x96.jpg\",\"contentUrl\":\"https:\\\/\\\/veredes.es\\\/blog\\\/wp-content\\\/uploads\\\/2018\\\/04\\\/face-96x96.jpg\",\"caption\":\"veredes\"},\"description\":\"Surge enero de 2009 como b\u00fasqueda de satisfacer el conocimiento de la actividad arquitect\u00f3nica y tangentes que se generan. La idea es crear un espacio para divulgar los diversos proyectos en busca de nueva inspiraci\u00f3n y de intercambio.\",\"sameAs\":[\"https:\\\/\\\/veredes.es\\\/\",\"https:\\\/\\\/www.facebook.com\\\/veredesArquitecturayDivulgacion\\\/\",\"https:\\\/\\\/www.instagram.com\\\/veredes\\\/\",\"https:\\\/\\\/www.linkedin.com\\\/company\\\/veredes-arquitectura-y-divulgacion\\\/\",\"https:\\\/\\\/www.pinterest.es\\\/veredes\\\/\",\"https:\\\/\\\/x.com\\\/https:\\\/\\\/twitter.com\\\/veredes\",\"https:\\\/\\\/veredes.tumblr.com\\\/\"],\"url\":\"https:\\\/\\\/veredes.es\\\/blog\\\/author\\\/alberto\\\/\"}]}<\/script>\n<!-- \/ Yoast SEO plugin. -->","yoast_head_json":{"title":"Onduline ha participado en el proyecto de rehabilitaci\u00f3n integral del Cuartel del Pr\u00edncipe, en Alcal\u00e1 de Henares, con su Sistema Integral de Cubierta - veredes","description":"Toda la informaci\u00f3n sobre: Onduline ha participado en el proyecto de rehabilitaci\u00f3n integral del Cuartel del Pr\u00edncipe, en Alcal\u00e1 de Henares, con su Sistema Integral de Cubierta","robots":{"index":"index","follow":"follow","max-snippet":"max-snippet:-1","max-image-preview":"max-image-preview:large","max-video-preview":"max-video-preview:-1"},"canonical":"https:\/\/veredes.es\/blog\/onduline-ha-participado-en-el-proyecto-de-rehabilitacion-integral-del-cuartel-del-principe-en-alcala-de-henares-con-su-sistema-integral-de-cubierta\/","og_locale":"es_ES","og_type":"article","og_title":"Onduline ha participado en el proyecto de rehabilitaci\u00f3n integral del Cuartel del Pr\u00edncipe, en Alcal\u00e1 de Henares, con su Sistema Integral de Cubierta - veredes","og_description":"Toda la informaci\u00f3n sobre: Onduline ha participado en el proyecto de rehabilitaci\u00f3n integral del Cuartel del Pr\u00edncipe, en Alcal\u00e1 de Henares, con su Sistema Integral de Cubierta","og_url":"https:\/\/veredes.es\/blog\/onduline-ha-participado-en-el-proyecto-de-rehabilitacion-integral-del-cuartel-del-principe-en-alcala-de-henares-con-su-sistema-integral-de-cubierta\/","og_site_name":"veredes, arquitectura y divulgaci\u00f3n","article_publisher":"https:\/\/www.facebook.com\/veredesArquitecturayDivulgacion\/","article_author":"https:\/\/www.facebook.com\/veredesArquitecturayDivulgacion\/","article_published_time":"2024-12-04T23:01:42+00:00","og_image":[{"width":1400,"height":788,"url":"https:\/\/veredes.es\/blog\/wp-content\/uploads\/2024\/11\/Onduline-en-el-proyecto-de-rehabilitacion-integral-del-Cuartel-del-Principe-en-Alcala-de-Henares-con-su-SISTEMA-INTEGRAL-DE-CUBIERTA.jpg","type":"image\/jpeg"}],"author":"veredes","twitter_card":"summary_large_image","twitter_creator":"@https:\/\/twitter.com\/veredes","twitter_site":"@veredes","twitter_misc":{"Escrito por":"veredes","Tiempo de lectura":"6 minutos"},"schema":{"@context":"https:\/\/schema.org","@graph":[{"@type":"Article","@id":"https:\/\/veredes.es\/blog\/onduline-ha-participado-en-el-proyecto-de-rehabilitacion-integral-del-cuartel-del-principe-en-alcala-de-henares-con-su-sistema-integral-de-cubierta\/#article","isPartOf":{"@id":"https:\/\/veredes.es\/blog\/onduline-ha-participado-en-el-proyecto-de-rehabilitacion-integral-del-cuartel-del-principe-en-alcala-de-henares-con-su-sistema-integral-de-cubierta\/"},"author":{"name":"veredes","@id":"https:\/\/veredes.es\/blog\/#\/schema\/person\/0bbb669073ef7faba5168a0844e93d2c"},"headline":"Onduline ha participado en el proyecto de rehabilitaci\u00f3n integral del Cuartel del Pr\u00edncipe, en Alcal\u00e1 de Henares, con su Sistema Integral de Cubierta","datePublished":"2024-12-04T23:01:42+00:00","mainEntityOfPage":{"@id":"https:\/\/veredes.es\/blog\/onduline-ha-participado-en-el-proyecto-de-rehabilitacion-integral-del-cuartel-del-principe-en-alcala-de-henares-con-su-sistema-integral-de-cubierta\/"},"wordCount":1095,"commentCount":0,"publisher":{"@id":"https:\/\/veredes.es\/blog\/#organization"},"image":{"@id":"https:\/\/veredes.es\/blog\/onduline-ha-participado-en-el-proyecto-de-rehabilitacion-integral-del-cuartel-del-principe-en-alcala-de-henares-con-su-sistema-integral-de-cubierta\/#primaryimage"},"thumbnailUrl":"https:\/\/veredes.es\/blog\/wp-content\/uploads\/2024\/11\/Onduline-en-el-proyecto-de-rehabilitacion-integral-del-Cuartel-del-Principe-en-Alcala-de-Henares-con-su-SISTEMA-INTEGRAL-DE-CUBIERTA.jpg","keywords":["arquitectura gallega","arquitectura sostenible","construcci\u00f3n","cubierta","dise\u00f1o sostenible","eficiencia","onduline","patrimonio","patrimonio cultural","patrimonio hist\u00f3rico","Pontevedra","rehabilitaci\u00f3n","Tejas Verea"],"articleSection":["aparejo","slider principal"],"inLanguage":"es","potentialAction":[{"@type":"CommentAction","name":"Comment","target":["https:\/\/veredes.es\/blog\/onduline-ha-participado-en-el-proyecto-de-rehabilitacion-integral-del-cuartel-del-principe-en-alcala-de-henares-con-su-sistema-integral-de-cubierta\/#respond"]}]},{"@type":"WebPage","@id":"https:\/\/veredes.es\/blog\/onduline-ha-participado-en-el-proyecto-de-rehabilitacion-integral-del-cuartel-del-principe-en-alcala-de-henares-con-su-sistema-integral-de-cubierta\/","url":"https:\/\/veredes.es\/blog\/onduline-ha-participado-en-el-proyecto-de-rehabilitacion-integral-del-cuartel-del-principe-en-alcala-de-henares-con-su-sistema-integral-de-cubierta\/","name":"Onduline ha participado en el proyecto de rehabilitaci\u00f3n integral del Cuartel del Pr\u00edncipe, en Alcal\u00e1 de Henares, con su Sistema Integral de Cubierta - veredes","isPartOf":{"@id":"https:\/\/veredes.es\/blog\/#website"},"primaryImageOfPage":{"@id":"https:\/\/veredes.es\/blog\/onduline-ha-participado-en-el-proyecto-de-rehabilitacion-integral-del-cuartel-del-principe-en-alcala-de-henares-con-su-sistema-integral-de-cubierta\/#primaryimage"},"image":{"@id":"https:\/\/veredes.es\/blog\/onduline-ha-participado-en-el-proyecto-de-rehabilitacion-integral-del-cuartel-del-principe-en-alcala-de-henares-con-su-sistema-integral-de-cubierta\/#primaryimage"},"thumbnailUrl":"https:\/\/veredes.es\/blog\/wp-content\/uploads\/2024\/11\/Onduline-en-el-proyecto-de-rehabilitacion-integral-del-Cuartel-del-Principe-en-Alcala-de-Henares-con-su-SISTEMA-INTEGRAL-DE-CUBIERTA.jpg","datePublished":"2024-12-04T23:01:42+00:00","description":"Toda la informaci\u00f3n sobre: Onduline ha participado en el proyecto de rehabilitaci\u00f3n integral del Cuartel del Pr\u00edncipe, en Alcal\u00e1 de Henares, con su Sistema Integral de Cubierta","breadcrumb":{"@id":"https:\/\/veredes.es\/blog\/onduline-ha-participado-en-el-proyecto-de-rehabilitacion-integral-del-cuartel-del-principe-en-alcala-de-henares-con-su-sistema-integral-de-cubierta\/#breadcrumb"},"inLanguage":"es","potentialAction":[{"@type":"ReadAction","target":["https:\/\/veredes.es\/blog\/onduline-ha-participado-en-el-proyecto-de-rehabilitacion-integral-del-cuartel-del-principe-en-alcala-de-henares-con-su-sistema-integral-de-cubierta\/"]}]},{"@type":"ImageObject","inLanguage":"es","@id":"https:\/\/veredes.es\/blog\/onduline-ha-participado-en-el-proyecto-de-rehabilitacion-integral-del-cuartel-del-principe-en-alcala-de-henares-con-su-sistema-integral-de-cubierta\/#primaryimage","url":"https:\/\/veredes.es\/blog\/wp-content\/uploads\/2024\/11\/Onduline-en-el-proyecto-de-rehabilitacion-integral-del-Cuartel-del-Principe-en-Alcala-de-Henares-con-su-SISTEMA-INTEGRAL-DE-CUBIERTA.jpg","contentUrl":"https:\/\/veredes.es\/blog\/wp-content\/uploads\/2024\/11\/Onduline-en-el-proyecto-de-rehabilitacion-integral-del-Cuartel-del-Principe-en-Alcala-de-Henares-con-su-SISTEMA-INTEGRAL-DE-CUBIERTA.jpg","width":1400,"height":788,"caption":"Onduline ha participado en el proyecto de rehabilitaci\u00f3n integral del Cuartel del Pr\u00edncipe, en Alcal\u00e1 de Henares, con su Sistema Integral de Cubierta"},{"@type":"BreadcrumbList","@id":"https:\/\/veredes.es\/blog\/onduline-ha-participado-en-el-proyecto-de-rehabilitacion-integral-del-cuartel-del-principe-en-alcala-de-henares-con-su-sistema-integral-de-cubierta\/#breadcrumb","itemListElement":[{"@type":"ListItem","position":1,"name":"Portada","item":"https:\/\/veredes.es\/blog\/"},{"@type":"ListItem","position":2,"name":"Onduline ha participado en el proyecto de rehabilitaci\u00f3n integral del Cuartel del Pr\u00edncipe, en Alcal\u00e1 de Henares, con su Sistema Integral de Cubierta"}]},{"@type":"WebSite","@id":"https:\/\/veredes.es\/blog\/#website","url":"https:\/\/veredes.es\/blog\/","name":"veredes, arquitectura y divulgaci\u00f3n","description":"veredes","publisher":{"@id":"https:\/\/veredes.es\/blog\/#organization"},"alternateName":"veredes","potentialAction":[{"@type":"SearchAction","target":{"@type":"EntryPoint","urlTemplate":"https:\/\/veredes.es\/blog\/?s={search_term_string}"},"query-input":{"@type":"PropertyValueSpecification","valueRequired":true,"valueName":"search_term_string"}}],"inLanguage":"es"},{"@type":"Organization","@id":"https:\/\/veredes.es\/blog\/#organization","name":"veredes, arquitectura y divulgaci\u00f3n","alternateName":"veredes","url":"https:\/\/veredes.es\/blog\/","logo":{"@type":"ImageObject","inLanguage":"es","@id":"https:\/\/veredes.es\/blog\/#\/schema\/logo\/image\/","url":"https:\/\/veredes.es\/blog\/wp-content\/uploads\/2021\/12\/veredes-logo-centrado_140x54.png","contentUrl":"https:\/\/veredes.es\/blog\/wp-content\/uploads\/2021\/12\/veredes-logo-centrado_140x54.png","width":140,"height":54,"caption":"veredes, arquitectura y divulgaci\u00f3n"},"image":{"@id":"https:\/\/veredes.es\/blog\/#\/schema\/logo\/image\/"},"sameAs":["https:\/\/www.facebook.com\/veredesArquitecturayDivulgacion\/","https:\/\/x.com\/veredes","https:\/\/instagram.com\/veredes\/","https:\/\/www.linkedin.com\/company\/veredes-arquitectura-y-divulgacion\/","https:\/\/es.pinterest.com\/veredes\/","https:\/\/www.tumblr.com\/veredes"]},{"@type":"Person","@id":"https:\/\/veredes.es\/blog\/#\/schema\/person\/0bbb669073ef7faba5168a0844e93d2c","name":"veredes","image":{"@type":"ImageObject","inLanguage":"es","@id":"https:\/\/veredes.es\/blog\/wp-content\/uploads\/2018\/04\/face-96x96.jpg","url":"https:\/\/veredes.es\/blog\/wp-content\/uploads\/2018\/04\/face-96x96.jpg","contentUrl":"https:\/\/veredes.es\/blog\/wp-content\/uploads\/2018\/04\/face-96x96.jpg","caption":"veredes"},"description":"Surge enero de 2009 como b\u00fasqueda de satisfacer el conocimiento de la actividad arquitect\u00f3nica y tangentes que se generan. La idea es crear un espacio para divulgar los diversos proyectos en busca de nueva inspiraci\u00f3n y de intercambio.","sameAs":["https:\/\/veredes.es\/","https:\/\/www.facebook.com\/veredesArquitecturayDivulgacion\/","https:\/\/www.instagram.com\/veredes\/","https:\/\/www.linkedin.com\/company\/veredes-arquitectura-y-divulgacion\/","https:\/\/www.pinterest.es\/veredes\/","https:\/\/x.com\/https:\/\/twitter.com\/veredes","https:\/\/veredes.tumblr.com\/"],"url":"https:\/\/veredes.es\/blog\/author\/alberto\/"}]}},"_links":{"self":[{"href":"https:\/\/veredes.es\/blog\/wp-json\/wp\/v2\/posts\/100477","targetHints":{"allow":["GET"]}}],"collection":[{"href":"https:\/\/veredes.es\/blog\/wp-json\/wp\/v2\/posts"}],"about":[{"href":"https:\/\/veredes.es\/blog\/wp-json\/wp\/v2\/types\/post"}],"author":[{"embeddable":true,"href":"https:\/\/veredes.es\/blog\/wp-json\/wp\/v2\/users\/2"}],"replies":[{"embeddable":true,"href":"https:\/\/veredes.es\/blog\/wp-json\/wp\/v2\/comments?post=100477"}],"version-history":[{"count":0,"href":"https:\/\/veredes.es\/blog\/wp-json\/wp\/v2\/posts\/100477\/revisions"}],"wp:featuredmedia":[{"embeddable":true,"href":"https:\/\/veredes.es\/blog\/wp-json\/wp\/v2\/media\/100478"}],"wp:attachment":[{"href":"https:\/\/veredes.es\/blog\/wp-json\/wp\/v2\/media?parent=100477"}],"wp:term":[{"taxonomy":"category","embeddable":true,"href":"https:\/\/veredes.es\/blog\/wp-json\/wp\/v2\/categories?post=100477"},{"taxonomy":"post_tag","embeddable":true,"href":"https:\/\/veredes.es\/blog\/wp-json\/wp\/v2\/tags?post=100477"}],"curies":[{"name":"wp","href":"https:\/\/api.w.org\/{rel}","templated":true}]}}