{"id":100199,"date":"2024-10-24T00:01:13","date_gmt":"2024-10-23T22:01:13","guid":{"rendered":"https:\/\/veredes.es\/blog\/?p=100199"},"modified":"2024-10-08T20:08:58","modified_gmt":"2024-10-08T18:08:58","slug":"permanencias-en-la-arquitectura-de-james-stirling","status":"publish","type":"post","link":"https:\/\/veredes.es\/blog\/permanencias-en-la-arquitectura-de-james-stirling\/","title":{"rendered":"Permanencias en la arquitectura de James Stirling"},"content":{"rendered":"<figure id=\"attachment_100200\" aria-describedby=\"caption-attachment-100200\" style=\"width: 1400px\" class=\"wp-caption alignnone\"><img loading=\"lazy\" decoding=\"async\" class=\"size-full wp-image-100200\" src=\"https:\/\/veredes.es\/blog\/wp-content\/uploads\/2024\/10\/Permanencias-en-la-arquitectura-de-James-Stirling-Jose-Maria-Silva-Hernandez-Gil.jpg\" alt=\"Permanencias en la arquitectura de James Stirling Jos\u00e9 Mar\u00eda Silva Hern\u00e1ndez-Gil\" width=\"1400\" height=\"1400\" srcset=\"https:\/\/veredes.es\/blog\/wp-content\/uploads\/2024\/10\/Permanencias-en-la-arquitectura-de-James-Stirling-Jose-Maria-Silva-Hernandez-Gil.jpg 1400w, https:\/\/veredes.es\/blog\/wp-content\/uploads\/2024\/10\/Permanencias-en-la-arquitectura-de-James-Stirling-Jose-Maria-Silva-Hernandez-Gil-300x300.jpg 300w, https:\/\/veredes.es\/blog\/wp-content\/uploads\/2024\/10\/Permanencias-en-la-arquitectura-de-James-Stirling-Jose-Maria-Silva-Hernandez-Gil-1024x1024.jpg 1024w, https:\/\/veredes.es\/blog\/wp-content\/uploads\/2024\/10\/Permanencias-en-la-arquitectura-de-James-Stirling-Jose-Maria-Silva-Hernandez-Gil-120x120.jpg 120w, https:\/\/veredes.es\/blog\/wp-content\/uploads\/2024\/10\/Permanencias-en-la-arquitectura-de-James-Stirling-Jose-Maria-Silva-Hernandez-Gil-420x420.jpg 420w, https:\/\/veredes.es\/blog\/wp-content\/uploads\/2024\/10\/Permanencias-en-la-arquitectura-de-James-Stirling-Jose-Maria-Silva-Hernandez-Gil-696x696.jpg 696w, https:\/\/veredes.es\/blog\/wp-content\/uploads\/2024\/10\/Permanencias-en-la-arquitectura-de-James-Stirling-Jose-Maria-Silva-Hernandez-Gil-1068x1068.jpg 1068w\" sizes=\"auto, (max-width: 1400px) 100vw, 1400px\" \/><figcaption id=\"caption-attachment-100200\" class=\"wp-caption-text\"><span style=\"color: #999999;\">Permanencias en la arquitectura de James Stirling | Jos\u00e9 Mar\u00eda Silva Hern\u00e1ndez-Gil<\/span><\/figcaption><\/figure>\n<p style=\"text-align: justify;\">La <a href=\"https:\/\/veredes.es\/blog\/tag\/james-stirling\/\" target=\"_blank\" rel=\"noopener\">obra del brit\u00e1nico<\/a> James Stirling (1924\u20111992) representa <a href=\"https:\/\/amzn.to\/480w6Ds\" target=\"_blank\" rel=\"noopener\">uno de los mejores registros de la arquitectura<\/a> de la segunda mitad del siglo XX, del periodo ideol\u00f3gicamente convulso y formalmente conflictivo que abarca desde la crisis moderna hasta la consolidaci\u00f3n y posterior ca\u00edda de la posmodernidad.<\/p>\n<p style=\"text-align: justify;\">Un tiempo que sus formas, cambiantes y coyunturales, fueron capaces de capturar, confirmando la indudable importancia hist\u00f3rica y cultural de su arquitectura, si bien, aparentemente, a expensas de su capacidad para influir sobre la pr\u00e1ctica arquitect\u00f3nica contempor\u00e1nea.<\/p>\n<figure id=\"attachment_100204\" aria-describedby=\"caption-attachment-100204\" style=\"width: 1400px\" class=\"wp-caption alignnone\"><img loading=\"lazy\" decoding=\"async\" class=\"wp-image-100204 size-full\" title=\"Permanencias en la arquitectura de James Stirling Jos\u00e9 Mar\u00eda Silva Hern\u00e1ndez-Gil\" src=\"https:\/\/veredes.es\/blog\/wp-content\/uploads\/2024\/10\/Permanencias-en-la-arquitectura-de-James-Stirling-Jose-Maria-Silva-Hernandez-Gil-Fundacion-Caja-de-arquitectos.jpg\" alt=\"Permanencias en la arquitectura de James Stirling Jos\u00e9 Mar\u00eda Silva Hern\u00e1ndez-Gil\" width=\"1400\" height=\"1400\" srcset=\"https:\/\/veredes.es\/blog\/wp-content\/uploads\/2024\/10\/Permanencias-en-la-arquitectura-de-James-Stirling-Jose-Maria-Silva-Hernandez-Gil-Fundacion-Caja-de-arquitectos.jpg 1400w, https:\/\/veredes.es\/blog\/wp-content\/uploads\/2024\/10\/Permanencias-en-la-arquitectura-de-James-Stirling-Jose-Maria-Silva-Hernandez-Gil-Fundacion-Caja-de-arquitectos-300x300.jpg 300w, https:\/\/veredes.es\/blog\/wp-content\/uploads\/2024\/10\/Permanencias-en-la-arquitectura-de-James-Stirling-Jose-Maria-Silva-Hernandez-Gil-Fundacion-Caja-de-arquitectos-1024x1024.jpg 1024w, https:\/\/veredes.es\/blog\/wp-content\/uploads\/2024\/10\/Permanencias-en-la-arquitectura-de-James-Stirling-Jose-Maria-Silva-Hernandez-Gil-Fundacion-Caja-de-arquitectos-120x120.jpg 120w, https:\/\/veredes.es\/blog\/wp-content\/uploads\/2024\/10\/Permanencias-en-la-arquitectura-de-James-Stirling-Jose-Maria-Silva-Hernandez-Gil-Fundacion-Caja-de-arquitectos-420x420.jpg 420w, https:\/\/veredes.es\/blog\/wp-content\/uploads\/2024\/10\/Permanencias-en-la-arquitectura-de-James-Stirling-Jose-Maria-Silva-Hernandez-Gil-Fundacion-Caja-de-arquitectos-696x696.jpg 696w, https:\/\/veredes.es\/blog\/wp-content\/uploads\/2024\/10\/Permanencias-en-la-arquitectura-de-James-Stirling-Jose-Maria-Silva-Hernandez-Gil-Fundacion-Caja-de-arquitectos-1068x1068.jpg 1068w\" sizes=\"auto, (max-width: 1400px) 100vw, 1400px\" \/><figcaption id=\"caption-attachment-100204\" class=\"wp-caption-text\"><span style=\"color: #999999;\">Permanencias en la arquitectura de James Stirling | Jos\u00e9 Mar\u00eda Silva Hern\u00e1ndez-Gil<\/span><\/figcaption><\/figure>\n<p style=\"text-align: justify;\">Permanencias en la arquitectura de James Stirling es una investigaci\u00f3n que pretende contradecir este supuesto, que indaga en los t\u00e9rminos que hacen posible la extraordinaria variedad y brillantez de su trabajo, pero aceptando la incoherencia estructural de la misma.<\/p>\n<p style=\"text-align: justify;\">Se identifican para ello los conceptos, herramientas y mecanismos proyectuales que, matizados o manipulados, se emplean de manera constante a lo largo de las cuatro d\u00e9cadas que abarca su carrera y que constituyen la metodolog\u00eda con la cual el arquitecto se enfrenta a un contexto de duda.<\/p>\n<figure id=\"attachment_100202\" aria-describedby=\"caption-attachment-100202\" style=\"width: 800px\" class=\"wp-caption alignnone\"><img loading=\"lazy\" decoding=\"async\" class=\"size-full wp-image-100202\" src=\"https:\/\/veredes.es\/blog\/wp-content\/uploads\/2024\/10\/Permanencias-en-la-arquitectura-de-James-Stirling-Jose-Maria-Silva-Hernandez-Gil.gif\" alt=\"Permanencias en la arquitectura de James Stirling Jos\u00e9 Mar\u00eda Silva Hern\u00e1ndez-Gil\" width=\"800\" height=\"800\" \/><figcaption id=\"caption-attachment-100202\" class=\"wp-caption-text\"><span style=\"color: #999999;\">Permanencias en la arquitectura de James Stirling | Jos\u00e9 Mar\u00eda Silva Hern\u00e1ndez-Gil<\/span><\/figcaption><\/figure>\n<p style=\"text-align: justify;\">Esta metodolog\u00eda que se revela, por encima de sus formas, como la aportaci\u00f3n fundamental de Stirling al desarrollo de la cultura arquitect\u00f3nica de su tiempo, anticipando y definiendo los t\u00e9rminos \u2014de nuevo\u2014 en que se producir\u00e1 la revoluci\u00f3n posmoderna. Estos t\u00e9rminos siguen hoy, aunque no lo creamos, de plena vigencia.<\/p>\n","protected":false},"excerpt":{"rendered":"<p>La obra del brit\u00e1nico James Stirling (1924\u20111992) representa uno de los mejores registros de la arquitectura de la segunda mitad del siglo XX, del periodo ideol\u00f3gicamente convulso y formalmente conflictivo que abarca desde la crisis moderna hasta la consolidaci\u00f3n y posterior ca\u00edda de la posmodernidad. Un tiempo que sus formas, cambiantes y coyunturales, fueron capaces [&hellip;]<\/p>\n","protected":false},"author":2,"featured_media":100200,"comment_status":"open","ping_status":"closed","sticky":false,"template":"","format":"standard","meta":{"footnotes":""},"categories":[794,26],"tags":[3170,737,2325,17718,12205,17719,1120,1278,1287],"class_list":{"0":"post-100199","1":"post","2":"type-post","3":"status-publish","4":"format-standard","5":"has-post-thumbnail","7":"category-libros","8":"category-publicaciones","9":"tag-fundacion-caja-de-arquitectos","10":"tag-investigacion","11":"tag-james-stirling","12":"tag-jose-maria-silva-hernandez-gil","13":"tag-libro","14":"tag-luis-rojo-de-castro","15":"tag-publicacion","16":"tag-teoria","17":"tag-tesis"},"yoast_head":"<!-- This site is optimized with the Yoast SEO plugin v27.5 - https:\/\/yoast.com\/product\/yoast-seo-wordpress\/ -->\n<title>Permanencias en la arquitectura de James Stirling - veredes<\/title>\n<meta name=\"description\" content=\"Toda la informaci\u00f3n sobre: Permanencias en la arquitectura de James Stirling\" \/>\n<meta name=\"robots\" content=\"index, follow, max-snippet:-1, max-image-preview:large, max-video-preview:-1\" \/>\n<link rel=\"canonical\" href=\"https:\/\/veredes.es\/blog\/permanencias-en-la-arquitectura-de-james-stirling\/\" \/>\n<meta property=\"og:locale\" content=\"es_ES\" \/>\n<meta property=\"og:type\" content=\"article\" \/>\n<meta property=\"og:title\" content=\"Permanencias en la arquitectura de James Stirling - veredes\" \/>\n<meta property=\"og:description\" content=\"Toda la informaci\u00f3n sobre: Permanencias en la arquitectura de James Stirling\" \/>\n<meta property=\"og:url\" content=\"https:\/\/veredes.es\/blog\/permanencias-en-la-arquitectura-de-james-stirling\/\" \/>\n<meta property=\"og:site_name\" content=\"veredes, arquitectura y divulgaci\u00f3n\" \/>\n<meta property=\"article:publisher\" content=\"https:\/\/www.facebook.com\/veredesArquitecturayDivulgacion\/\" \/>\n<meta property=\"article:author\" content=\"https:\/\/www.facebook.com\/veredesArquitecturayDivulgacion\/\" \/>\n<meta property=\"article:published_time\" content=\"2024-10-23T22:01:13+00:00\" \/>\n<meta property=\"og:image\" content=\"https:\/\/veredes.es\/blog\/wp-content\/uploads\/2024\/10\/Permanencias-en-la-arquitectura-de-James-Stirling-Jose-Maria-Silva-Hernandez-Gil.jpg\" \/>\n\t<meta property=\"og:image:width\" content=\"1400\" \/>\n\t<meta property=\"og:image:height\" content=\"1400\" \/>\n\t<meta property=\"og:image:type\" content=\"image\/jpeg\" \/>\n<meta name=\"author\" content=\"veredes\" \/>\n<meta name=\"twitter:card\" content=\"summary_large_image\" \/>\n<meta name=\"twitter:creator\" content=\"@https:\/\/twitter.com\/veredes\" \/>\n<meta name=\"twitter:site\" content=\"@veredes\" \/>\n<meta name=\"twitter:label1\" content=\"Escrito por\" \/>\n\t<meta name=\"twitter:data1\" content=\"veredes\" \/>\n\t<meta name=\"twitter:label2\" content=\"Tiempo de lectura\" \/>\n\t<meta name=\"twitter:data2\" content=\"3 minutos\" \/>\n<script type=\"application\/ld+json\" class=\"yoast-schema-graph\">{\"@context\":\"https:\\\/\\\/schema.org\",\"@graph\":[{\"@type\":\"Article\",\"@id\":\"https:\\\/\\\/veredes.es\\\/blog\\\/permanencias-en-la-arquitectura-de-james-stirling\\\/#article\",\"isPartOf\":{\"@id\":\"https:\\\/\\\/veredes.es\\\/blog\\\/permanencias-en-la-arquitectura-de-james-stirling\\\/\"},\"author\":{\"name\":\"veredes\",\"@id\":\"https:\\\/\\\/veredes.es\\\/blog\\\/#\\\/schema\\\/person\\\/0bbb669073ef7faba5168a0844e93d2c\"},\"headline\":\"Permanencias en la arquitectura de James Stirling\",\"datePublished\":\"2024-10-23T22:01:13+00:00\",\"mainEntityOfPage\":{\"@id\":\"https:\\\/\\\/veredes.es\\\/blog\\\/permanencias-en-la-arquitectura-de-james-stirling\\\/\"},\"wordCount\":302,\"commentCount\":0,\"publisher\":{\"@id\":\"https:\\\/\\\/veredes.es\\\/blog\\\/#organization\"},\"image\":{\"@id\":\"https:\\\/\\\/veredes.es\\\/blog\\\/permanencias-en-la-arquitectura-de-james-stirling\\\/#primaryimage\"},\"thumbnailUrl\":\"https:\\\/\\\/veredes.es\\\/blog\\\/wp-content\\\/uploads\\\/2024\\\/10\\\/Permanencias-en-la-arquitectura-de-James-Stirling-Jose-Maria-Silva-Hernandez-Gil.jpg\",\"keywords\":[\"fundaci\u00f3n Caja de Arquitectos\",\"investigaci\u00f3n\",\"James Stirling\",\"Jos\u00e9 Mar\u00eda Silva Hern\u00e1ndez-Gil\",\"libro\",\"Luis Rojo de Castro\",\"publicaci\u00f3n\",\"teor\u00eda\",\"tesis\"],\"articleSection\":[\"libros\",\"publicaciones\"],\"inLanguage\":\"es\",\"potentialAction\":[{\"@type\":\"CommentAction\",\"name\":\"Comment\",\"target\":[\"https:\\\/\\\/veredes.es\\\/blog\\\/permanencias-en-la-arquitectura-de-james-stirling\\\/#respond\"]}]},{\"@type\":\"WebPage\",\"@id\":\"https:\\\/\\\/veredes.es\\\/blog\\\/permanencias-en-la-arquitectura-de-james-stirling\\\/\",\"url\":\"https:\\\/\\\/veredes.es\\\/blog\\\/permanencias-en-la-arquitectura-de-james-stirling\\\/\",\"name\":\"Permanencias en la arquitectura de James Stirling - veredes\",\"isPartOf\":{\"@id\":\"https:\\\/\\\/veredes.es\\\/blog\\\/#website\"},\"primaryImageOfPage\":{\"@id\":\"https:\\\/\\\/veredes.es\\\/blog\\\/permanencias-en-la-arquitectura-de-james-stirling\\\/#primaryimage\"},\"image\":{\"@id\":\"https:\\\/\\\/veredes.es\\\/blog\\\/permanencias-en-la-arquitectura-de-james-stirling\\\/#primaryimage\"},\"thumbnailUrl\":\"https:\\\/\\\/veredes.es\\\/blog\\\/wp-content\\\/uploads\\\/2024\\\/10\\\/Permanencias-en-la-arquitectura-de-James-Stirling-Jose-Maria-Silva-Hernandez-Gil.jpg\",\"datePublished\":\"2024-10-23T22:01:13+00:00\",\"description\":\"Toda la informaci\u00f3n sobre: Permanencias en la arquitectura de James Stirling\",\"breadcrumb\":{\"@id\":\"https:\\\/\\\/veredes.es\\\/blog\\\/permanencias-en-la-arquitectura-de-james-stirling\\\/#breadcrumb\"},\"inLanguage\":\"es\",\"potentialAction\":[{\"@type\":\"ReadAction\",\"target\":[\"https:\\\/\\\/veredes.es\\\/blog\\\/permanencias-en-la-arquitectura-de-james-stirling\\\/\"]}]},{\"@type\":\"ImageObject\",\"inLanguage\":\"es\",\"@id\":\"https:\\\/\\\/veredes.es\\\/blog\\\/permanencias-en-la-arquitectura-de-james-stirling\\\/#primaryimage\",\"url\":\"https:\\\/\\\/veredes.es\\\/blog\\\/wp-content\\\/uploads\\\/2024\\\/10\\\/Permanencias-en-la-arquitectura-de-James-Stirling-Jose-Maria-Silva-Hernandez-Gil.jpg\",\"contentUrl\":\"https:\\\/\\\/veredes.es\\\/blog\\\/wp-content\\\/uploads\\\/2024\\\/10\\\/Permanencias-en-la-arquitectura-de-James-Stirling-Jose-Maria-Silva-Hernandez-Gil.jpg\",\"width\":1400,\"height\":1400,\"caption\":\"Permanencias en la arquitectura de James Stirling | Jos\u00e9 Mar\u00eda Silva Hern\u00e1ndez-Gil\"},{\"@type\":\"BreadcrumbList\",\"@id\":\"https:\\\/\\\/veredes.es\\\/blog\\\/permanencias-en-la-arquitectura-de-james-stirling\\\/#breadcrumb\",\"itemListElement\":[{\"@type\":\"ListItem\",\"position\":1,\"name\":\"Portada\",\"item\":\"https:\\\/\\\/veredes.es\\\/blog\\\/\"},{\"@type\":\"ListItem\",\"position\":2,\"name\":\"Permanencias en la arquitectura de James Stirling\"}]},{\"@type\":\"WebSite\",\"@id\":\"https:\\\/\\\/veredes.es\\\/blog\\\/#website\",\"url\":\"https:\\\/\\\/veredes.es\\\/blog\\\/\",\"name\":\"veredes, arquitectura y divulgaci\u00f3n\",\"description\":\"veredes\",\"publisher\":{\"@id\":\"https:\\\/\\\/veredes.es\\\/blog\\\/#organization\"},\"alternateName\":\"veredes\",\"potentialAction\":[{\"@type\":\"SearchAction\",\"target\":{\"@type\":\"EntryPoint\",\"urlTemplate\":\"https:\\\/\\\/veredes.es\\\/blog\\\/?s={search_term_string}\"},\"query-input\":{\"@type\":\"PropertyValueSpecification\",\"valueRequired\":true,\"valueName\":\"search_term_string\"}}],\"inLanguage\":\"es\"},{\"@type\":\"Organization\",\"@id\":\"https:\\\/\\\/veredes.es\\\/blog\\\/#organization\",\"name\":\"veredes, arquitectura y divulgaci\u00f3n\",\"alternateName\":\"veredes\",\"url\":\"https:\\\/\\\/veredes.es\\\/blog\\\/\",\"logo\":{\"@type\":\"ImageObject\",\"inLanguage\":\"es\",\"@id\":\"https:\\\/\\\/veredes.es\\\/blog\\\/#\\\/schema\\\/logo\\\/image\\\/\",\"url\":\"https:\\\/\\\/veredes.es\\\/blog\\\/wp-content\\\/uploads\\\/2021\\\/12\\\/veredes-logo-centrado_140x54.png\",\"contentUrl\":\"https:\\\/\\\/veredes.es\\\/blog\\\/wp-content\\\/uploads\\\/2021\\\/12\\\/veredes-logo-centrado_140x54.png\",\"width\":140,\"height\":54,\"caption\":\"veredes, arquitectura y divulgaci\u00f3n\"},\"image\":{\"@id\":\"https:\\\/\\\/veredes.es\\\/blog\\\/#\\\/schema\\\/logo\\\/image\\\/\"},\"sameAs\":[\"https:\\\/\\\/www.facebook.com\\\/veredesArquitecturayDivulgacion\\\/\",\"https:\\\/\\\/x.com\\\/veredes\",\"https:\\\/\\\/instagram.com\\\/veredes\\\/\",\"https:\\\/\\\/www.linkedin.com\\\/company\\\/veredes-arquitectura-y-divulgacion\\\/\",\"https:\\\/\\\/es.pinterest.com\\\/veredes\\\/\",\"https:\\\/\\\/www.tumblr.com\\\/veredes\"]},{\"@type\":\"Person\",\"@id\":\"https:\\\/\\\/veredes.es\\\/blog\\\/#\\\/schema\\\/person\\\/0bbb669073ef7faba5168a0844e93d2c\",\"name\":\"veredes\",\"image\":{\"@type\":\"ImageObject\",\"inLanguage\":\"es\",\"@id\":\"https:\\\/\\\/veredes.es\\\/blog\\\/wp-content\\\/uploads\\\/2018\\\/04\\\/face-96x96.jpg\",\"url\":\"https:\\\/\\\/veredes.es\\\/blog\\\/wp-content\\\/uploads\\\/2018\\\/04\\\/face-96x96.jpg\",\"contentUrl\":\"https:\\\/\\\/veredes.es\\\/blog\\\/wp-content\\\/uploads\\\/2018\\\/04\\\/face-96x96.jpg\",\"caption\":\"veredes\"},\"description\":\"Surge enero de 2009 como b\u00fasqueda de satisfacer el conocimiento de la actividad arquitect\u00f3nica y tangentes que se generan. La idea es crear un espacio para divulgar los diversos proyectos en busca de nueva inspiraci\u00f3n y de intercambio.\",\"sameAs\":[\"https:\\\/\\\/veredes.es\\\/\",\"https:\\\/\\\/www.facebook.com\\\/veredesArquitecturayDivulgacion\\\/\",\"https:\\\/\\\/www.instagram.com\\\/veredes\\\/\",\"https:\\\/\\\/www.linkedin.com\\\/company\\\/veredes-arquitectura-y-divulgacion\\\/\",\"https:\\\/\\\/www.pinterest.es\\\/veredes\\\/\",\"https:\\\/\\\/x.com\\\/https:\\\/\\\/twitter.com\\\/veredes\",\"https:\\\/\\\/veredes.tumblr.com\\\/\"],\"url\":\"https:\\\/\\\/veredes.es\\\/blog\\\/author\\\/alberto\\\/\"}]}<\/script>\n<!-- \/ Yoast SEO plugin. -->","yoast_head_json":{"title":"Permanencias en la arquitectura de James Stirling - veredes","description":"Toda la informaci\u00f3n sobre: Permanencias en la arquitectura de James Stirling","robots":{"index":"index","follow":"follow","max-snippet":"max-snippet:-1","max-image-preview":"max-image-preview:large","max-video-preview":"max-video-preview:-1"},"canonical":"https:\/\/veredes.es\/blog\/permanencias-en-la-arquitectura-de-james-stirling\/","og_locale":"es_ES","og_type":"article","og_title":"Permanencias en la arquitectura de James Stirling - veredes","og_description":"Toda la informaci\u00f3n sobre: Permanencias en la arquitectura de James Stirling","og_url":"https:\/\/veredes.es\/blog\/permanencias-en-la-arquitectura-de-james-stirling\/","og_site_name":"veredes, arquitectura y divulgaci\u00f3n","article_publisher":"https:\/\/www.facebook.com\/veredesArquitecturayDivulgacion\/","article_author":"https:\/\/www.facebook.com\/veredesArquitecturayDivulgacion\/","article_published_time":"2024-10-23T22:01:13+00:00","og_image":[{"width":1400,"height":1400,"url":"https:\/\/veredes.es\/blog\/wp-content\/uploads\/2024\/10\/Permanencias-en-la-arquitectura-de-James-Stirling-Jose-Maria-Silva-Hernandez-Gil.jpg","type":"image\/jpeg"}],"author":"veredes","twitter_card":"summary_large_image","twitter_creator":"@https:\/\/twitter.com\/veredes","twitter_site":"@veredes","twitter_misc":{"Escrito por":"veredes","Tiempo de lectura":"3 minutos"},"schema":{"@context":"https:\/\/schema.org","@graph":[{"@type":"Article","@id":"https:\/\/veredes.es\/blog\/permanencias-en-la-arquitectura-de-james-stirling\/#article","isPartOf":{"@id":"https:\/\/veredes.es\/blog\/permanencias-en-la-arquitectura-de-james-stirling\/"},"author":{"name":"veredes","@id":"https:\/\/veredes.es\/blog\/#\/schema\/person\/0bbb669073ef7faba5168a0844e93d2c"},"headline":"Permanencias en la arquitectura de James Stirling","datePublished":"2024-10-23T22:01:13+00:00","mainEntityOfPage":{"@id":"https:\/\/veredes.es\/blog\/permanencias-en-la-arquitectura-de-james-stirling\/"},"wordCount":302,"commentCount":0,"publisher":{"@id":"https:\/\/veredes.es\/blog\/#organization"},"image":{"@id":"https:\/\/veredes.es\/blog\/permanencias-en-la-arquitectura-de-james-stirling\/#primaryimage"},"thumbnailUrl":"https:\/\/veredes.es\/blog\/wp-content\/uploads\/2024\/10\/Permanencias-en-la-arquitectura-de-James-Stirling-Jose-Maria-Silva-Hernandez-Gil.jpg","keywords":["fundaci\u00f3n Caja de Arquitectos","investigaci\u00f3n","James Stirling","Jos\u00e9 Mar\u00eda Silva Hern\u00e1ndez-Gil","libro","Luis Rojo de Castro","publicaci\u00f3n","teor\u00eda","tesis"],"articleSection":["libros","publicaciones"],"inLanguage":"es","potentialAction":[{"@type":"CommentAction","name":"Comment","target":["https:\/\/veredes.es\/blog\/permanencias-en-la-arquitectura-de-james-stirling\/#respond"]}]},{"@type":"WebPage","@id":"https:\/\/veredes.es\/blog\/permanencias-en-la-arquitectura-de-james-stirling\/","url":"https:\/\/veredes.es\/blog\/permanencias-en-la-arquitectura-de-james-stirling\/","name":"Permanencias en la arquitectura de James Stirling - veredes","isPartOf":{"@id":"https:\/\/veredes.es\/blog\/#website"},"primaryImageOfPage":{"@id":"https:\/\/veredes.es\/blog\/permanencias-en-la-arquitectura-de-james-stirling\/#primaryimage"},"image":{"@id":"https:\/\/veredes.es\/blog\/permanencias-en-la-arquitectura-de-james-stirling\/#primaryimage"},"thumbnailUrl":"https:\/\/veredes.es\/blog\/wp-content\/uploads\/2024\/10\/Permanencias-en-la-arquitectura-de-James-Stirling-Jose-Maria-Silva-Hernandez-Gil.jpg","datePublished":"2024-10-23T22:01:13+00:00","description":"Toda la informaci\u00f3n sobre: Permanencias en la arquitectura de James Stirling","breadcrumb":{"@id":"https:\/\/veredes.es\/blog\/permanencias-en-la-arquitectura-de-james-stirling\/#breadcrumb"},"inLanguage":"es","potentialAction":[{"@type":"ReadAction","target":["https:\/\/veredes.es\/blog\/permanencias-en-la-arquitectura-de-james-stirling\/"]}]},{"@type":"ImageObject","inLanguage":"es","@id":"https:\/\/veredes.es\/blog\/permanencias-en-la-arquitectura-de-james-stirling\/#primaryimage","url":"https:\/\/veredes.es\/blog\/wp-content\/uploads\/2024\/10\/Permanencias-en-la-arquitectura-de-James-Stirling-Jose-Maria-Silva-Hernandez-Gil.jpg","contentUrl":"https:\/\/veredes.es\/blog\/wp-content\/uploads\/2024\/10\/Permanencias-en-la-arquitectura-de-James-Stirling-Jose-Maria-Silva-Hernandez-Gil.jpg","width":1400,"height":1400,"caption":"Permanencias en la arquitectura de James Stirling | Jos\u00e9 Mar\u00eda Silva Hern\u00e1ndez-Gil"},{"@type":"BreadcrumbList","@id":"https:\/\/veredes.es\/blog\/permanencias-en-la-arquitectura-de-james-stirling\/#breadcrumb","itemListElement":[{"@type":"ListItem","position":1,"name":"Portada","item":"https:\/\/veredes.es\/blog\/"},{"@type":"ListItem","position":2,"name":"Permanencias en la arquitectura de James Stirling"}]},{"@type":"WebSite","@id":"https:\/\/veredes.es\/blog\/#website","url":"https:\/\/veredes.es\/blog\/","name":"veredes, arquitectura y divulgaci\u00f3n","description":"veredes","publisher":{"@id":"https:\/\/veredes.es\/blog\/#organization"},"alternateName":"veredes","potentialAction":[{"@type":"SearchAction","target":{"@type":"EntryPoint","urlTemplate":"https:\/\/veredes.es\/blog\/?s={search_term_string}"},"query-input":{"@type":"PropertyValueSpecification","valueRequired":true,"valueName":"search_term_string"}}],"inLanguage":"es"},{"@type":"Organization","@id":"https:\/\/veredes.es\/blog\/#organization","name":"veredes, arquitectura y divulgaci\u00f3n","alternateName":"veredes","url":"https:\/\/veredes.es\/blog\/","logo":{"@type":"ImageObject","inLanguage":"es","@id":"https:\/\/veredes.es\/blog\/#\/schema\/logo\/image\/","url":"https:\/\/veredes.es\/blog\/wp-content\/uploads\/2021\/12\/veredes-logo-centrado_140x54.png","contentUrl":"https:\/\/veredes.es\/blog\/wp-content\/uploads\/2021\/12\/veredes-logo-centrado_140x54.png","width":140,"height":54,"caption":"veredes, arquitectura y divulgaci\u00f3n"},"image":{"@id":"https:\/\/veredes.es\/blog\/#\/schema\/logo\/image\/"},"sameAs":["https:\/\/www.facebook.com\/veredesArquitecturayDivulgacion\/","https:\/\/x.com\/veredes","https:\/\/instagram.com\/veredes\/","https:\/\/www.linkedin.com\/company\/veredes-arquitectura-y-divulgacion\/","https:\/\/es.pinterest.com\/veredes\/","https:\/\/www.tumblr.com\/veredes"]},{"@type":"Person","@id":"https:\/\/veredes.es\/blog\/#\/schema\/person\/0bbb669073ef7faba5168a0844e93d2c","name":"veredes","image":{"@type":"ImageObject","inLanguage":"es","@id":"https:\/\/veredes.es\/blog\/wp-content\/uploads\/2018\/04\/face-96x96.jpg","url":"https:\/\/veredes.es\/blog\/wp-content\/uploads\/2018\/04\/face-96x96.jpg","contentUrl":"https:\/\/veredes.es\/blog\/wp-content\/uploads\/2018\/04\/face-96x96.jpg","caption":"veredes"},"description":"Surge enero de 2009 como b\u00fasqueda de satisfacer el conocimiento de la actividad arquitect\u00f3nica y tangentes que se generan. La idea es crear un espacio para divulgar los diversos proyectos en busca de nueva inspiraci\u00f3n y de intercambio.","sameAs":["https:\/\/veredes.es\/","https:\/\/www.facebook.com\/veredesArquitecturayDivulgacion\/","https:\/\/www.instagram.com\/veredes\/","https:\/\/www.linkedin.com\/company\/veredes-arquitectura-y-divulgacion\/","https:\/\/www.pinterest.es\/veredes\/","https:\/\/x.com\/https:\/\/twitter.com\/veredes","https:\/\/veredes.tumblr.com\/"],"url":"https:\/\/veredes.es\/blog\/author\/alberto\/"}]}},"_links":{"self":[{"href":"https:\/\/veredes.es\/blog\/wp-json\/wp\/v2\/posts\/100199","targetHints":{"allow":["GET"]}}],"collection":[{"href":"https:\/\/veredes.es\/blog\/wp-json\/wp\/v2\/posts"}],"about":[{"href":"https:\/\/veredes.es\/blog\/wp-json\/wp\/v2\/types\/post"}],"author":[{"embeddable":true,"href":"https:\/\/veredes.es\/blog\/wp-json\/wp\/v2\/users\/2"}],"replies":[{"embeddable":true,"href":"https:\/\/veredes.es\/blog\/wp-json\/wp\/v2\/comments?post=100199"}],"version-history":[{"count":0,"href":"https:\/\/veredes.es\/blog\/wp-json\/wp\/v2\/posts\/100199\/revisions"}],"wp:featuredmedia":[{"embeddable":true,"href":"https:\/\/veredes.es\/blog\/wp-json\/wp\/v2\/media\/100200"}],"wp:attachment":[{"href":"https:\/\/veredes.es\/blog\/wp-json\/wp\/v2\/media?parent=100199"}],"wp:term":[{"taxonomy":"category","embeddable":true,"href":"https:\/\/veredes.es\/blog\/wp-json\/wp\/v2\/categories?post=100199"},{"taxonomy":"post_tag","embeddable":true,"href":"https:\/\/veredes.es\/blog\/wp-json\/wp\/v2\/tags?post=100199"}],"curies":[{"name":"wp","href":"https:\/\/api.w.org\/{rel}","templated":true}]}}