{"id":100111,"date":"2024-11-26T00:01:27","date_gmt":"2024-11-25T23:01:27","guid":{"rendered":"https:\/\/veredes.es\/blog\/?p=100111"},"modified":"2024-11-07T09:24:16","modified_gmt":"2024-11-07T08:24:16","slug":"arboles-una-exploracion-de-su-mundo-de-la-raiz-a-la-copa","status":"publish","type":"post","link":"https:\/\/veredes.es\/blog\/arboles-una-exploracion-de-su-mundo-de-la-raiz-a-la-copa\/","title":{"rendered":"\u00c1rboles: Una exploraci\u00f3n de su mundo, de la ra\u00edz a la copa"},"content":{"rendered":"<figure id=\"attachment_100112\" aria-describedby=\"caption-attachment-100112\" style=\"width: 800px\" class=\"wp-caption alignnone\"><img loading=\"lazy\" decoding=\"async\" class=\"wp-image-100112 size-full\" title=\"\u00c1rboles Una exploraci\u00f3n de su mundo, de la ra\u00edz a la copa phaidom\" src=\"https:\/\/veredes.es\/blog\/wp-content\/uploads\/2024\/10\/Arboles-Una-exploracion-de-su-mundo-de-la-raiz-a-la-copa-phaidom.jpg\" alt=\"\u00c1rboles Una exploraci\u00f3n de su mundo, de la ra\u00edz a la copa phaidom\" width=\"800\" height=\"1020\" srcset=\"https:\/\/veredes.es\/blog\/wp-content\/uploads\/2024\/10\/Arboles-Una-exploracion-de-su-mundo-de-la-raiz-a-la-copa-phaidom.jpg 800w, https:\/\/veredes.es\/blog\/wp-content\/uploads\/2024\/10\/Arboles-Una-exploracion-de-su-mundo-de-la-raiz-a-la-copa-phaidom-235x300.jpg 235w, https:\/\/veredes.es\/blog\/wp-content\/uploads\/2024\/10\/Arboles-Una-exploracion-de-su-mundo-de-la-raiz-a-la-copa-phaidom-329x420.jpg 329w, https:\/\/veredes.es\/blog\/wp-content\/uploads\/2024\/10\/Arboles-Una-exploracion-de-su-mundo-de-la-raiz-a-la-copa-phaidom-696x887.jpg 696w\" sizes=\"auto, (max-width: 800px) 100vw, 800px\" \/><figcaption id=\"caption-attachment-100112\" class=\"wp-caption-text\"><span style=\"color: #999999;\">\u00c1rboles. Una exploraci\u00f3n de su mundo, de la ra\u00edz a la copa<\/span><\/figcaption><\/figure>\n<p style=\"text-align: justify;\"><strong><em>\u00c1rboles: Una exploraci\u00f3n de su mundo<\/em>, de la ra\u00edz a la copa<\/strong>, <a href=\"https:\/\/amzn.to\/4ePhHMt\" target=\"_blank\" rel=\"noopener\">un libro extraordinario<\/a> que abarca m\u00e1s de <strong>300 entradas y 3,500 a\u00f1os de historia arb\u00f3rea<\/strong>. Este volumen completo captura el atractivo duradero de los \u00e1rboles a trav\u00e9s de una incre\u00edble variedad de medios, per\u00edodos de tiempo y culturas. Es el d\u00e9cimo t\u00edtulo de la exitosa serie Explorer de Phaidon \u2013 Plantas, Jardines, Animales, Mapas, Universo, \u2026<\/p>\n<p style=\"text-align: justify;\">A lo largo de cientos de im\u00e1genes, <strong><em>\u00c1rboles<\/em><\/strong> ofrece una visi\u00f3n indeleble de los <a href=\"https:\/\/veredes.es\/blog\/tag\/jardineria\/\" target=\"_blank\" rel=\"noopener\">\u00e1rboles y bosques del mundo<\/a>, as\u00ed como de la vasta variedad de respuestas art\u00edsticas y creativas que han inspirado a lo largo del tiempo. Este tomo abarca desde tapices del siglo XI y litograf\u00edas del siglo XIX hasta esculturas talladas a mano y joyer\u00eda de lujo, dispuestos en una secuencia curada para <strong>crear yuxtaposiciones sorprendentes e inesperadas entre cada obra<\/strong>. Por ejemplo, la pintura de \u201cnaturaleza viva\u201d de una rama de higuera de Jacopo Ligozzi, del siglo XVI, se encuentra frente a broches del siglo XXI de la colecci\u00f3n Nature\u2019s Jewels de Hemmerle, mientras que un relieve egipcio antiguo de una expedici\u00f3n de b\u00fasqueda de plantas aparece junto a un esp\u00e9cimen de corteza de cinchona, que funcion\u00f3 como un tratamiento temprano para la malaria, de la d\u00e9cada de 1850.<\/p>\n<p style=\"text-align: justify;\">Esta diversa colecci\u00f3n encanta por su amplitud, con su contenido cuidadosamente curado en consulta con un <strong>panel internacional de historiadores del arte, conservacionistas, bot\u00e1nicos, cient\u00edficos del clima y curadores de museos, entre otros expertos<\/strong>. F\u00f3siles de madera petrificada, gr\u00e1ficos y mapas pioneros, cer\u00e1mica antigua, ilustraciones bot\u00e1nicas, fotograf\u00edas de la naturaleza, pinturas y manuscritos se fusionan para demostrar la versatilidad global de los \u00e1rboles, desde el fresno com\u00fan y la secuoya gigante hasta los \u00e1rboles de Josu\u00e9 que prosperan en el desierto. Considerado en su totalidad, <em>\u00c1rboles <\/em>presenta una introducci\u00f3n amplia al tema, al tiempo que incluye ejemplos menos conocidos para especialistas. Los lectores aprender\u00e1n sobre el sagrado \u00e1rbol Bodhi del budismo, el arte terrestre revolucionario del siglo XX, libros infantiles dedicados a los \u00e1rboles y las causas de la deforestaci\u00f3n en todo el mundo.<\/p>\n<figure id=\"attachment_100113\" aria-describedby=\"caption-attachment-100113\" style=\"width: 827px\" class=\"wp-caption alignnone\"><img loading=\"lazy\" decoding=\"async\" class=\"wp-image-100113 size-full\" title=\"\u00c1rboles-exploraci\u00f3n-de-su-mundo,-de-la-ra\u00edz-a-la-copa-phaidom\" src=\"https:\/\/veredes.es\/blog\/wp-content\/uploads\/2024\/10\/Arboles-exploracion-de-su-mundo-de-la-raiz-a-la-copa-phaidom.jpg\" alt=\"\u00c1rboles-exploraci\u00f3n-de-su-mundo,-de-la-ra\u00edz-a-la-copa-phaidom\" width=\"827\" height=\"523\" srcset=\"https:\/\/veredes.es\/blog\/wp-content\/uploads\/2024\/10\/Arboles-exploracion-de-su-mundo-de-la-raiz-a-la-copa-phaidom.jpg 827w, https:\/\/veredes.es\/blog\/wp-content\/uploads\/2024\/10\/Arboles-exploracion-de-su-mundo-de-la-raiz-a-la-copa-phaidom-300x190.jpg 300w, https:\/\/veredes.es\/blog\/wp-content\/uploads\/2024\/10\/Arboles-exploracion-de-su-mundo-de-la-raiz-a-la-copa-phaidom-664x420.jpg 664w, https:\/\/veredes.es\/blog\/wp-content\/uploads\/2024\/10\/Arboles-exploracion-de-su-mundo-de-la-raiz-a-la-copa-phaidom-696x440.jpg 696w\" sizes=\"auto, (max-width: 827px) 100vw, 827px\" \/><figcaption id=\"caption-attachment-100113\" class=\"wp-caption-text\"><span style=\"color: #999999;\">\u00c1rboles. Una exploraci\u00f3n de su mundo, de la ra\u00edz a la copa<\/span><\/figcaption><\/figure>\n<p style=\"text-align: justify;\">Tambi\u00e9n se presenta una amplia y, a menudo, sorprendente variedad de <strong>artistas y creadores<\/strong>, incluidos Ansel Adams, Yann Arthus-Bertrand, Agnes Denes, Andy Goldsworthy, Yayoi Kusama, Sally Mann, Kerry James Marshall, Marianne North, Pierre-Joseph Redout\u00e9 y Vincent van Gogh, entre muchos otros. Cada entrada tambi\u00e9n va acompa\u00f1ada de <strong>un texto corto y accesible que ampl\u00eda la obra<\/strong>, su creador y su significado, enriqueciendo las impresionantes im\u00e1genes del libro con contexto e informaci\u00f3n relevante. \u00c1rboles concluye con un <strong>glosario de t\u00e9rminos, una cronolog\u00eda ilustrada, biograf\u00edas selectas, lecturas adicionales e \u00edndice <\/strong>para una m\u00e1xima navegabilidad.<\/p>\n<p style=\"text-align: justify;\">A lo largo de la historia, los \u00e1rboles nos han permitido disfrutar y conectarnos con el mundo natural. Esta sobresaliente colecci\u00f3n es un testimonio de este hecho y de la relevancia de la conservaci\u00f3n ambiental frente a las cat\u00e1strofes ambientales actuales.<\/p>\n<blockquote>\n<p style=\"text-align: justify;\"><em>\u201cCada respiraci\u00f3n que tomamos es posible en gran parte gracias a los \u00e1rboles\u201d<\/em>,<\/p>\n<\/blockquote>\n<p style=\"text-align: justify;\">escribe Tony Kirkham, ex jefe de Arboretum, Gardens and Horticultural Services en los Jardines Bot\u00e1nicos Reales de Kew, Londres, en la introducci\u00f3n del libro.<\/p>\n<blockquote>\n<p style=\"text-align: justify;\"><em>\u201cEspero que la belleza y la profundidad de estas obras sean una inspiraci\u00f3n para continuar preservando los \u00e1rboles para las generaciones venideras\u201d<\/em>.<\/p>\n<\/blockquote>\n<figure id=\"attachment_100114\" aria-describedby=\"caption-attachment-100114\" style=\"width: 822px\" class=\"wp-caption alignnone\"><img loading=\"lazy\" decoding=\"async\" class=\"size-full wp-image-100114\" src=\"https:\/\/veredes.es\/blog\/wp-content\/uploads\/2024\/10\/Arboles-Una-exploracion-de-su-mundo-phaidom.jpg\" alt=\"\u00c1rboles-Una-exploraci\u00f3n-de-su-mundo-phaidom\" width=\"822\" height=\"535\" srcset=\"https:\/\/veredes.es\/blog\/wp-content\/uploads\/2024\/10\/Arboles-Una-exploracion-de-su-mundo-phaidom.jpg 822w, https:\/\/veredes.es\/blog\/wp-content\/uploads\/2024\/10\/Arboles-Una-exploracion-de-su-mundo-phaidom-300x195.jpg 300w, https:\/\/veredes.es\/blog\/wp-content\/uploads\/2024\/10\/Arboles-Una-exploracion-de-su-mundo-phaidom-645x420.jpg 645w, https:\/\/veredes.es\/blog\/wp-content\/uploads\/2024\/10\/Arboles-Una-exploracion-de-su-mundo-phaidom-696x453.jpg 696w\" sizes=\"auto, (max-width: 822px) 100vw, 822px\" \/><figcaption id=\"caption-attachment-100114\" class=\"wp-caption-text\"><span style=\"color: #999999;\">\u00c1rboles. Una exploraci\u00f3n de su mundo, de la ra\u00edz a la copa<\/span><\/figcaption><\/figure>\n<p style=\"text-align: justify;\">Ya sea representados por los antiguos romanos en mosaicos de piedra, ilustrados en manuscritos iluminados, plasmados en papel o capturados digitalmente con la \u00faltima tecnolog\u00eda de vanguardia, los \u00e1rboles han sido un tema constante y querido por artistas y creadores de todo el mundo. Con un llamativo paquete azul, este cautivador libro celebra cada elemento de los \u00e1rboles\u2014desde la ra\u00edz hasta la hoja\u2014y proporciona pruebas convincentes de <strong>su importancia cultural, art\u00edstica e hist\u00f3rica<\/strong>.<\/p>\n<h6 style=\"text-align: justify;\"><strong>Tony Kirkham MBE, VMH, <\/strong><\/h6>\n<p style=\"text-align: justify;\">Fue el Jefe del Arboreto, Jardines y Servicios Hort\u00edcolas cuando se retir\u00f3 de los Jardines Bot\u00e1nicos Reales de Kew en 2021 despu\u00e9s de 43 a\u00f1os de servicio. En 2009, recibi\u00f3 el t\u00edtulo de Asociado de Honor por la RHS por su distinguido servicio a la horticultura, la Medalla de Honor Victoria de la RHS en 2019 y una MBE en 2019 por sus servicios a los Jardines Bot\u00e1nicos Reales de Kew y la Arboricultura.<\/p>\n<h6 style=\"text-align: justify;\"><strong>Panel Asesor<\/strong><\/h6>\n<p style=\"text-align: justify;\">Dr. Giovanni Aloi; Dr. Preston Bautista; Dr. Diana Beresford-Kroeger; Fred Breglia; Casey Clapp; Jim Gardiner VMH; Dr. Andrew Hirons; Tony Kirkham MBE, VMH; Margaret D. Lowman, PhD; Carlos Nobre, PhD; John Parker, Anna Pavord, and Christiana Payne.<\/p>\n<h6 style=\"text-align: justify;\"><strong>Textos adicionales<\/strong><\/h6>\n<p style=\"text-align: justify;\">Dr. Giovanni Aloi, Matthew Biggs, Casey Clapp, Tim Cooke, Anita Croy, Diane Fortenberry, Tom Furness, Carolyn Fry, Jim Gardiner VMH, Rebecca Morrill, John Parker, Christiana Payne, James Smith, David Trigg, and Martin Walters.<\/p>\n","protected":false},"excerpt":{"rendered":"<p>\u00c1rboles: Una exploraci\u00f3n de su mundo, de la ra\u00edz a la copa, un libro extraordinario que abarca m\u00e1s de 300 entradas y 3,500 a\u00f1os de historia arb\u00f3rea. Este volumen completo captura el atractivo duradero de los \u00e1rboles a trav\u00e9s de una incre\u00edble variedad de medios, per\u00edodos de tiempo y culturas. Es el d\u00e9cimo t\u00edtulo de [&hellip;]<\/p>\n","protected":false},"author":2,"featured_media":100112,"comment_status":"open","ping_status":"closed","sticky":false,"template":"","format":"standard","meta":{"footnotes":""},"categories":[794,26],"tags":[10300,1620,749,12205,977,9160,1120,12469,1286,17714,4674,1338],"class_list":{"0":"post-100111","1":"post","2":"type-post","3":"status-publish","4":"format-standard","5":"has-post-thumbnail","7":"category-libros","8":"category-publicaciones","9":"tag-editorial-phaidon","10":"tag-jardin","11":"tag-jardineria","12":"tag-libro","13":"tag-paisaje","14":"tag-paisaje-cultural","15":"tag-publicacion","16":"tag-sostenibilidad","17":"tag-territorio","18":"tag-tony-kirkham","19":"tag-unarbolismo","20":"tag-vegetacion"},"yoast_head":"<!-- This site is optimized with the Yoast SEO plugin v27.5 - https:\/\/yoast.com\/product\/yoast-seo-wordpress\/ -->\n<title>\u00c1rboles: Una exploraci\u00f3n de su mundo, de la ra\u00edz a la copa - veredes<\/title>\n<meta name=\"description\" content=\"Toda la informaci\u00f3n sobre: \u00c1rboles: Una exploraci\u00f3n de su mundo, de la ra\u00edz a la copa\" \/>\n<meta name=\"robots\" content=\"index, follow, max-snippet:-1, max-image-preview:large, max-video-preview:-1\" \/>\n<link rel=\"canonical\" href=\"https:\/\/veredes.es\/blog\/arboles-una-exploracion-de-su-mundo-de-la-raiz-a-la-copa\/\" \/>\n<meta property=\"og:locale\" content=\"es_ES\" \/>\n<meta property=\"og:type\" content=\"article\" \/>\n<meta property=\"og:title\" content=\"\u00c1rboles: Una exploraci\u00f3n de su mundo, de la ra\u00edz a la copa - veredes\" \/>\n<meta property=\"og:description\" content=\"Toda la informaci\u00f3n sobre: \u00c1rboles: Una exploraci\u00f3n de su mundo, de la ra\u00edz a la copa\" \/>\n<meta property=\"og:url\" content=\"https:\/\/veredes.es\/blog\/arboles-una-exploracion-de-su-mundo-de-la-raiz-a-la-copa\/\" \/>\n<meta property=\"og:site_name\" content=\"veredes, arquitectura y divulgaci\u00f3n\" \/>\n<meta property=\"article:publisher\" content=\"https:\/\/www.facebook.com\/veredesArquitecturayDivulgacion\/\" \/>\n<meta property=\"article:author\" content=\"https:\/\/www.facebook.com\/veredesArquitecturayDivulgacion\/\" \/>\n<meta property=\"article:published_time\" content=\"2024-11-25T23:01:27+00:00\" \/>\n<meta property=\"og:image\" content=\"https:\/\/veredes.es\/blog\/wp-content\/uploads\/2024\/10\/Arboles-Una-exploracion-de-su-mundo-de-la-raiz-a-la-copa-phaidom.jpg\" \/>\n\t<meta property=\"og:image:width\" content=\"800\" \/>\n\t<meta property=\"og:image:height\" content=\"1020\" \/>\n\t<meta property=\"og:image:type\" content=\"image\/jpeg\" \/>\n<meta name=\"author\" content=\"veredes\" \/>\n<meta name=\"twitter:card\" content=\"summary_large_image\" \/>\n<meta name=\"twitter:creator\" content=\"@https:\/\/twitter.com\/veredes\" \/>\n<meta name=\"twitter:site\" content=\"@veredes\" \/>\n<meta name=\"twitter:label1\" content=\"Escrito por\" \/>\n\t<meta name=\"twitter:data1\" content=\"veredes\" \/>\n\t<meta name=\"twitter:label2\" content=\"Tiempo de lectura\" \/>\n\t<meta name=\"twitter:data2\" content=\"5 minutos\" \/>\n<script type=\"application\/ld+json\" class=\"yoast-schema-graph\">{\"@context\":\"https:\\\/\\\/schema.org\",\"@graph\":[{\"@type\":\"Article\",\"@id\":\"https:\\\/\\\/veredes.es\\\/blog\\\/arboles-una-exploracion-de-su-mundo-de-la-raiz-a-la-copa\\\/#article\",\"isPartOf\":{\"@id\":\"https:\\\/\\\/veredes.es\\\/blog\\\/arboles-una-exploracion-de-su-mundo-de-la-raiz-a-la-copa\\\/\"},\"author\":{\"name\":\"veredes\",\"@id\":\"https:\\\/\\\/veredes.es\\\/blog\\\/#\\\/schema\\\/person\\\/0bbb669073ef7faba5168a0844e93d2c\"},\"headline\":\"\u00c1rboles: Una exploraci\u00f3n de su mundo, de la ra\u00edz a la copa\",\"datePublished\":\"2024-11-25T23:01:27+00:00\",\"mainEntityOfPage\":{\"@id\":\"https:\\\/\\\/veredes.es\\\/blog\\\/arboles-una-exploracion-de-su-mundo-de-la-raiz-a-la-copa\\\/\"},\"wordCount\":891,\"commentCount\":0,\"publisher\":{\"@id\":\"https:\\\/\\\/veredes.es\\\/blog\\\/#organization\"},\"image\":{\"@id\":\"https:\\\/\\\/veredes.es\\\/blog\\\/arboles-una-exploracion-de-su-mundo-de-la-raiz-a-la-copa\\\/#primaryimage\"},\"thumbnailUrl\":\"https:\\\/\\\/veredes.es\\\/blog\\\/wp-content\\\/uploads\\\/2024\\\/10\\\/Arboles-Una-exploracion-de-su-mundo-de-la-raiz-a-la-copa-phaidom.jpg\",\"keywords\":[\"editorial phaidon\",\"jard\u00edn\",\"jardineria\",\"libro\",\"paisaje\",\"paisaje cultural\",\"publicaci\u00f3n\",\"sostenibilidad\",\"territorio\",\"Tony Kirkham\",\"unarbolismo\",\"vegetaci\u00f3n\"],\"articleSection\":[\"libros\",\"publicaciones\"],\"inLanguage\":\"es\",\"potentialAction\":[{\"@type\":\"CommentAction\",\"name\":\"Comment\",\"target\":[\"https:\\\/\\\/veredes.es\\\/blog\\\/arboles-una-exploracion-de-su-mundo-de-la-raiz-a-la-copa\\\/#respond\"]}]},{\"@type\":\"WebPage\",\"@id\":\"https:\\\/\\\/veredes.es\\\/blog\\\/arboles-una-exploracion-de-su-mundo-de-la-raiz-a-la-copa\\\/\",\"url\":\"https:\\\/\\\/veredes.es\\\/blog\\\/arboles-una-exploracion-de-su-mundo-de-la-raiz-a-la-copa\\\/\",\"name\":\"\u00c1rboles: Una exploraci\u00f3n de su mundo, de la ra\u00edz a la copa - veredes\",\"isPartOf\":{\"@id\":\"https:\\\/\\\/veredes.es\\\/blog\\\/#website\"},\"primaryImageOfPage\":{\"@id\":\"https:\\\/\\\/veredes.es\\\/blog\\\/arboles-una-exploracion-de-su-mundo-de-la-raiz-a-la-copa\\\/#primaryimage\"},\"image\":{\"@id\":\"https:\\\/\\\/veredes.es\\\/blog\\\/arboles-una-exploracion-de-su-mundo-de-la-raiz-a-la-copa\\\/#primaryimage\"},\"thumbnailUrl\":\"https:\\\/\\\/veredes.es\\\/blog\\\/wp-content\\\/uploads\\\/2024\\\/10\\\/Arboles-Una-exploracion-de-su-mundo-de-la-raiz-a-la-copa-phaidom.jpg\",\"datePublished\":\"2024-11-25T23:01:27+00:00\",\"description\":\"Toda la informaci\u00f3n sobre: \u00c1rboles: Una exploraci\u00f3n de su mundo, de la ra\u00edz a la copa\",\"breadcrumb\":{\"@id\":\"https:\\\/\\\/veredes.es\\\/blog\\\/arboles-una-exploracion-de-su-mundo-de-la-raiz-a-la-copa\\\/#breadcrumb\"},\"inLanguage\":\"es\",\"potentialAction\":[{\"@type\":\"ReadAction\",\"target\":[\"https:\\\/\\\/veredes.es\\\/blog\\\/arboles-una-exploracion-de-su-mundo-de-la-raiz-a-la-copa\\\/\"]}]},{\"@type\":\"ImageObject\",\"inLanguage\":\"es\",\"@id\":\"https:\\\/\\\/veredes.es\\\/blog\\\/arboles-una-exploracion-de-su-mundo-de-la-raiz-a-la-copa\\\/#primaryimage\",\"url\":\"https:\\\/\\\/veredes.es\\\/blog\\\/wp-content\\\/uploads\\\/2024\\\/10\\\/Arboles-Una-exploracion-de-su-mundo-de-la-raiz-a-la-copa-phaidom.jpg\",\"contentUrl\":\"https:\\\/\\\/veredes.es\\\/blog\\\/wp-content\\\/uploads\\\/2024\\\/10\\\/Arboles-Una-exploracion-de-su-mundo-de-la-raiz-a-la-copa-phaidom.jpg\",\"width\":800,\"height\":1020,\"caption\":\"\u00c1rboles Una exploraci\u00f3n de su mundo, de la ra\u00edz a la copa\"},{\"@type\":\"BreadcrumbList\",\"@id\":\"https:\\\/\\\/veredes.es\\\/blog\\\/arboles-una-exploracion-de-su-mundo-de-la-raiz-a-la-copa\\\/#breadcrumb\",\"itemListElement\":[{\"@type\":\"ListItem\",\"position\":1,\"name\":\"Portada\",\"item\":\"https:\\\/\\\/veredes.es\\\/blog\\\/\"},{\"@type\":\"ListItem\",\"position\":2,\"name\":\"\u00c1rboles: Una exploraci\u00f3n de su mundo, de la ra\u00edz a la copa\"}]},{\"@type\":\"WebSite\",\"@id\":\"https:\\\/\\\/veredes.es\\\/blog\\\/#website\",\"url\":\"https:\\\/\\\/veredes.es\\\/blog\\\/\",\"name\":\"veredes, arquitectura y divulgaci\u00f3n\",\"description\":\"veredes\",\"publisher\":{\"@id\":\"https:\\\/\\\/veredes.es\\\/blog\\\/#organization\"},\"alternateName\":\"veredes\",\"potentialAction\":[{\"@type\":\"SearchAction\",\"target\":{\"@type\":\"EntryPoint\",\"urlTemplate\":\"https:\\\/\\\/veredes.es\\\/blog\\\/?s={search_term_string}\"},\"query-input\":{\"@type\":\"PropertyValueSpecification\",\"valueRequired\":true,\"valueName\":\"search_term_string\"}}],\"inLanguage\":\"es\"},{\"@type\":\"Organization\",\"@id\":\"https:\\\/\\\/veredes.es\\\/blog\\\/#organization\",\"name\":\"veredes, arquitectura y divulgaci\u00f3n\",\"alternateName\":\"veredes\",\"url\":\"https:\\\/\\\/veredes.es\\\/blog\\\/\",\"logo\":{\"@type\":\"ImageObject\",\"inLanguage\":\"es\",\"@id\":\"https:\\\/\\\/veredes.es\\\/blog\\\/#\\\/schema\\\/logo\\\/image\\\/\",\"url\":\"https:\\\/\\\/veredes.es\\\/blog\\\/wp-content\\\/uploads\\\/2021\\\/12\\\/veredes-logo-centrado_140x54.png\",\"contentUrl\":\"https:\\\/\\\/veredes.es\\\/blog\\\/wp-content\\\/uploads\\\/2021\\\/12\\\/veredes-logo-centrado_140x54.png\",\"width\":140,\"height\":54,\"caption\":\"veredes, arquitectura y divulgaci\u00f3n\"},\"image\":{\"@id\":\"https:\\\/\\\/veredes.es\\\/blog\\\/#\\\/schema\\\/logo\\\/image\\\/\"},\"sameAs\":[\"https:\\\/\\\/www.facebook.com\\\/veredesArquitecturayDivulgacion\\\/\",\"https:\\\/\\\/x.com\\\/veredes\",\"https:\\\/\\\/instagram.com\\\/veredes\\\/\",\"https:\\\/\\\/www.linkedin.com\\\/company\\\/veredes-arquitectura-y-divulgacion\\\/\",\"https:\\\/\\\/es.pinterest.com\\\/veredes\\\/\",\"https:\\\/\\\/www.tumblr.com\\\/veredes\"]},{\"@type\":\"Person\",\"@id\":\"https:\\\/\\\/veredes.es\\\/blog\\\/#\\\/schema\\\/person\\\/0bbb669073ef7faba5168a0844e93d2c\",\"name\":\"veredes\",\"image\":{\"@type\":\"ImageObject\",\"inLanguage\":\"es\",\"@id\":\"https:\\\/\\\/veredes.es\\\/blog\\\/wp-content\\\/uploads\\\/2018\\\/04\\\/face-96x96.jpg\",\"url\":\"https:\\\/\\\/veredes.es\\\/blog\\\/wp-content\\\/uploads\\\/2018\\\/04\\\/face-96x96.jpg\",\"contentUrl\":\"https:\\\/\\\/veredes.es\\\/blog\\\/wp-content\\\/uploads\\\/2018\\\/04\\\/face-96x96.jpg\",\"caption\":\"veredes\"},\"description\":\"Surge enero de 2009 como b\u00fasqueda de satisfacer el conocimiento de la actividad arquitect\u00f3nica y tangentes que se generan. La idea es crear un espacio para divulgar los diversos proyectos en busca de nueva inspiraci\u00f3n y de intercambio.\",\"sameAs\":[\"https:\\\/\\\/veredes.es\\\/\",\"https:\\\/\\\/www.facebook.com\\\/veredesArquitecturayDivulgacion\\\/\",\"https:\\\/\\\/www.instagram.com\\\/veredes\\\/\",\"https:\\\/\\\/www.linkedin.com\\\/company\\\/veredes-arquitectura-y-divulgacion\\\/\",\"https:\\\/\\\/www.pinterest.es\\\/veredes\\\/\",\"https:\\\/\\\/x.com\\\/https:\\\/\\\/twitter.com\\\/veredes\",\"https:\\\/\\\/veredes.tumblr.com\\\/\"],\"url\":\"https:\\\/\\\/veredes.es\\\/blog\\\/author\\\/alberto\\\/\"}]}<\/script>\n<!-- \/ Yoast SEO plugin. -->","yoast_head_json":{"title":"\u00c1rboles: Una exploraci\u00f3n de su mundo, de la ra\u00edz a la copa - veredes","description":"Toda la informaci\u00f3n sobre: \u00c1rboles: Una exploraci\u00f3n de su mundo, de la ra\u00edz a la copa","robots":{"index":"index","follow":"follow","max-snippet":"max-snippet:-1","max-image-preview":"max-image-preview:large","max-video-preview":"max-video-preview:-1"},"canonical":"https:\/\/veredes.es\/blog\/arboles-una-exploracion-de-su-mundo-de-la-raiz-a-la-copa\/","og_locale":"es_ES","og_type":"article","og_title":"\u00c1rboles: Una exploraci\u00f3n de su mundo, de la ra\u00edz a la copa - veredes","og_description":"Toda la informaci\u00f3n sobre: \u00c1rboles: Una exploraci\u00f3n de su mundo, de la ra\u00edz a la copa","og_url":"https:\/\/veredes.es\/blog\/arboles-una-exploracion-de-su-mundo-de-la-raiz-a-la-copa\/","og_site_name":"veredes, arquitectura y divulgaci\u00f3n","article_publisher":"https:\/\/www.facebook.com\/veredesArquitecturayDivulgacion\/","article_author":"https:\/\/www.facebook.com\/veredesArquitecturayDivulgacion\/","article_published_time":"2024-11-25T23:01:27+00:00","og_image":[{"width":800,"height":1020,"url":"https:\/\/veredes.es\/blog\/wp-content\/uploads\/2024\/10\/Arboles-Una-exploracion-de-su-mundo-de-la-raiz-a-la-copa-phaidom.jpg","type":"image\/jpeg"}],"author":"veredes","twitter_card":"summary_large_image","twitter_creator":"@https:\/\/twitter.com\/veredes","twitter_site":"@veredes","twitter_misc":{"Escrito por":"veredes","Tiempo de lectura":"5 minutos"},"schema":{"@context":"https:\/\/schema.org","@graph":[{"@type":"Article","@id":"https:\/\/veredes.es\/blog\/arboles-una-exploracion-de-su-mundo-de-la-raiz-a-la-copa\/#article","isPartOf":{"@id":"https:\/\/veredes.es\/blog\/arboles-una-exploracion-de-su-mundo-de-la-raiz-a-la-copa\/"},"author":{"name":"veredes","@id":"https:\/\/veredes.es\/blog\/#\/schema\/person\/0bbb669073ef7faba5168a0844e93d2c"},"headline":"\u00c1rboles: Una exploraci\u00f3n de su mundo, de la ra\u00edz a la copa","datePublished":"2024-11-25T23:01:27+00:00","mainEntityOfPage":{"@id":"https:\/\/veredes.es\/blog\/arboles-una-exploracion-de-su-mundo-de-la-raiz-a-la-copa\/"},"wordCount":891,"commentCount":0,"publisher":{"@id":"https:\/\/veredes.es\/blog\/#organization"},"image":{"@id":"https:\/\/veredes.es\/blog\/arboles-una-exploracion-de-su-mundo-de-la-raiz-a-la-copa\/#primaryimage"},"thumbnailUrl":"https:\/\/veredes.es\/blog\/wp-content\/uploads\/2024\/10\/Arboles-Una-exploracion-de-su-mundo-de-la-raiz-a-la-copa-phaidom.jpg","keywords":["editorial phaidon","jard\u00edn","jardineria","libro","paisaje","paisaje cultural","publicaci\u00f3n","sostenibilidad","territorio","Tony Kirkham","unarbolismo","vegetaci\u00f3n"],"articleSection":["libros","publicaciones"],"inLanguage":"es","potentialAction":[{"@type":"CommentAction","name":"Comment","target":["https:\/\/veredes.es\/blog\/arboles-una-exploracion-de-su-mundo-de-la-raiz-a-la-copa\/#respond"]}]},{"@type":"WebPage","@id":"https:\/\/veredes.es\/blog\/arboles-una-exploracion-de-su-mundo-de-la-raiz-a-la-copa\/","url":"https:\/\/veredes.es\/blog\/arboles-una-exploracion-de-su-mundo-de-la-raiz-a-la-copa\/","name":"\u00c1rboles: Una exploraci\u00f3n de su mundo, de la ra\u00edz a la copa - veredes","isPartOf":{"@id":"https:\/\/veredes.es\/blog\/#website"},"primaryImageOfPage":{"@id":"https:\/\/veredes.es\/blog\/arboles-una-exploracion-de-su-mundo-de-la-raiz-a-la-copa\/#primaryimage"},"image":{"@id":"https:\/\/veredes.es\/blog\/arboles-una-exploracion-de-su-mundo-de-la-raiz-a-la-copa\/#primaryimage"},"thumbnailUrl":"https:\/\/veredes.es\/blog\/wp-content\/uploads\/2024\/10\/Arboles-Una-exploracion-de-su-mundo-de-la-raiz-a-la-copa-phaidom.jpg","datePublished":"2024-11-25T23:01:27+00:00","description":"Toda la informaci\u00f3n sobre: \u00c1rboles: Una exploraci\u00f3n de su mundo, de la ra\u00edz a la copa","breadcrumb":{"@id":"https:\/\/veredes.es\/blog\/arboles-una-exploracion-de-su-mundo-de-la-raiz-a-la-copa\/#breadcrumb"},"inLanguage":"es","potentialAction":[{"@type":"ReadAction","target":["https:\/\/veredes.es\/blog\/arboles-una-exploracion-de-su-mundo-de-la-raiz-a-la-copa\/"]}]},{"@type":"ImageObject","inLanguage":"es","@id":"https:\/\/veredes.es\/blog\/arboles-una-exploracion-de-su-mundo-de-la-raiz-a-la-copa\/#primaryimage","url":"https:\/\/veredes.es\/blog\/wp-content\/uploads\/2024\/10\/Arboles-Una-exploracion-de-su-mundo-de-la-raiz-a-la-copa-phaidom.jpg","contentUrl":"https:\/\/veredes.es\/blog\/wp-content\/uploads\/2024\/10\/Arboles-Una-exploracion-de-su-mundo-de-la-raiz-a-la-copa-phaidom.jpg","width":800,"height":1020,"caption":"\u00c1rboles Una exploraci\u00f3n de su mundo, de la ra\u00edz a la copa"},{"@type":"BreadcrumbList","@id":"https:\/\/veredes.es\/blog\/arboles-una-exploracion-de-su-mundo-de-la-raiz-a-la-copa\/#breadcrumb","itemListElement":[{"@type":"ListItem","position":1,"name":"Portada","item":"https:\/\/veredes.es\/blog\/"},{"@type":"ListItem","position":2,"name":"\u00c1rboles: Una exploraci\u00f3n de su mundo, de la ra\u00edz a la copa"}]},{"@type":"WebSite","@id":"https:\/\/veredes.es\/blog\/#website","url":"https:\/\/veredes.es\/blog\/","name":"veredes, arquitectura y divulgaci\u00f3n","description":"veredes","publisher":{"@id":"https:\/\/veredes.es\/blog\/#organization"},"alternateName":"veredes","potentialAction":[{"@type":"SearchAction","target":{"@type":"EntryPoint","urlTemplate":"https:\/\/veredes.es\/blog\/?s={search_term_string}"},"query-input":{"@type":"PropertyValueSpecification","valueRequired":true,"valueName":"search_term_string"}}],"inLanguage":"es"},{"@type":"Organization","@id":"https:\/\/veredes.es\/blog\/#organization","name":"veredes, arquitectura y divulgaci\u00f3n","alternateName":"veredes","url":"https:\/\/veredes.es\/blog\/","logo":{"@type":"ImageObject","inLanguage":"es","@id":"https:\/\/veredes.es\/blog\/#\/schema\/logo\/image\/","url":"https:\/\/veredes.es\/blog\/wp-content\/uploads\/2021\/12\/veredes-logo-centrado_140x54.png","contentUrl":"https:\/\/veredes.es\/blog\/wp-content\/uploads\/2021\/12\/veredes-logo-centrado_140x54.png","width":140,"height":54,"caption":"veredes, arquitectura y divulgaci\u00f3n"},"image":{"@id":"https:\/\/veredes.es\/blog\/#\/schema\/logo\/image\/"},"sameAs":["https:\/\/www.facebook.com\/veredesArquitecturayDivulgacion\/","https:\/\/x.com\/veredes","https:\/\/instagram.com\/veredes\/","https:\/\/www.linkedin.com\/company\/veredes-arquitectura-y-divulgacion\/","https:\/\/es.pinterest.com\/veredes\/","https:\/\/www.tumblr.com\/veredes"]},{"@type":"Person","@id":"https:\/\/veredes.es\/blog\/#\/schema\/person\/0bbb669073ef7faba5168a0844e93d2c","name":"veredes","image":{"@type":"ImageObject","inLanguage":"es","@id":"https:\/\/veredes.es\/blog\/wp-content\/uploads\/2018\/04\/face-96x96.jpg","url":"https:\/\/veredes.es\/blog\/wp-content\/uploads\/2018\/04\/face-96x96.jpg","contentUrl":"https:\/\/veredes.es\/blog\/wp-content\/uploads\/2018\/04\/face-96x96.jpg","caption":"veredes"},"description":"Surge enero de 2009 como b\u00fasqueda de satisfacer el conocimiento de la actividad arquitect\u00f3nica y tangentes que se generan. La idea es crear un espacio para divulgar los diversos proyectos en busca de nueva inspiraci\u00f3n y de intercambio.","sameAs":["https:\/\/veredes.es\/","https:\/\/www.facebook.com\/veredesArquitecturayDivulgacion\/","https:\/\/www.instagram.com\/veredes\/","https:\/\/www.linkedin.com\/company\/veredes-arquitectura-y-divulgacion\/","https:\/\/www.pinterest.es\/veredes\/","https:\/\/x.com\/https:\/\/twitter.com\/veredes","https:\/\/veredes.tumblr.com\/"],"url":"https:\/\/veredes.es\/blog\/author\/alberto\/"}]}},"_links":{"self":[{"href":"https:\/\/veredes.es\/blog\/wp-json\/wp\/v2\/posts\/100111","targetHints":{"allow":["GET"]}}],"collection":[{"href":"https:\/\/veredes.es\/blog\/wp-json\/wp\/v2\/posts"}],"about":[{"href":"https:\/\/veredes.es\/blog\/wp-json\/wp\/v2\/types\/post"}],"author":[{"embeddable":true,"href":"https:\/\/veredes.es\/blog\/wp-json\/wp\/v2\/users\/2"}],"replies":[{"embeddable":true,"href":"https:\/\/veredes.es\/blog\/wp-json\/wp\/v2\/comments?post=100111"}],"version-history":[{"count":0,"href":"https:\/\/veredes.es\/blog\/wp-json\/wp\/v2\/posts\/100111\/revisions"}],"wp:featuredmedia":[{"embeddable":true,"href":"https:\/\/veredes.es\/blog\/wp-json\/wp\/v2\/media\/100112"}],"wp:attachment":[{"href":"https:\/\/veredes.es\/blog\/wp-json\/wp\/v2\/media?parent=100111"}],"wp:term":[{"taxonomy":"category","embeddable":true,"href":"https:\/\/veredes.es\/blog\/wp-json\/wp\/v2\/categories?post=100111"},{"taxonomy":"post_tag","embeddable":true,"href":"https:\/\/veredes.es\/blog\/wp-json\/wp\/v2\/tags?post=100111"}],"curies":[{"name":"wp","href":"https:\/\/api.w.org\/{rel}","templated":true}]}}