{"id":100000,"date":"2024-12-20T00:01:26","date_gmt":"2024-12-19T23:01:26","guid":{"rendered":"https:\/\/veredes.es\/blog\/?p=100000"},"modified":"2024-09-26T18:24:04","modified_gmt":"2024-09-26T16:24:04","slug":"el-prado-sin-prado-jose-ramon-hernandez-correa","status":"publish","type":"post","link":"https:\/\/veredes.es\/blog\/el-prado-sin-prado-jose-ramon-hernandez-correa\/","title":{"rendered":"El Prado sin prado | Jos\u00e9 Ram\u00f3n Hern\u00e1ndez Correa"},"content":{"rendered":"<p style=\"text-align: justify;\">El otro d\u00eda fui al\u00a0<a href=\"https:\/\/www.museodelprado.es\/\" target=\"_blank\" rel=\"noopener\">Museo del Prado<\/a>\u00a0con mi amigo Pablo. Hac\u00eda muchos a\u00f1os que no iba; tantos que ni siquiera hab\u00eda visto la ampliaci\u00f3n de\u00a0Moneo\u00a0(que, por cierto, no me pareci\u00f3 nada de nada: unas cuantas salas dispuestas para exponer, una escalera larga, unos ascensores, unos aseos&#8230; o sea, lo correcto; no s\u00e9 si es para tanto, pero tampoco s\u00e9 si se puede hacer mejor).<\/p>\n<p style=\"text-align: justify;\">Vimos las exposiciones temporales de la metapintura, de Jos\u00e9 de Ribera y del Maestro Mateo. Fant\u00e1sticas pero agotadoras. De pie derecho (y a \u00abpaso museo\u00bb) m\u00e1s de cuatro horas. Me dol\u00edan las piernas y la espalda. Y a\u00fan tuvimos humor (y Pablo la paciencia) de subir al claustro elevado (operaci\u00f3n pop donde las haya) de los Jer\u00f3nimos para ver la exposici\u00f3n de las ocho propuestas finalistas para la nueva ampliaci\u00f3n del museo, consistente en la adaptaci\u00f3n del Sal\u00f3n de Reinos.<\/p>\n<p style=\"text-align: justify;\">Digo todo esto para ponerme el parche antes de la herida y para pedir disculpas antes de opinar. Estaba agotado, y el an\u00e1lisis de los paneles requer\u00eda una atenci\u00f3n, una lucidez y un tiempo que no ten\u00eda. No obstante s\u00ed que pens\u00e9 un par de cosas, y como soy un inconsciente y un irresponsable las voy a decir aqu\u00ed.<\/p>\n<p style=\"text-align: justify;\">Creo, para empezar, que se trata de un concurso imposible, en el que el planteamiento es m\u00e1s que discutible, por no decir directamente que es err\u00f3neo. Se est\u00e1 constituyendo un grand\u00edsimo museo por adici\u00f3n de cagaditas. Por lo tanto, da igual c\u00f3mo se resuelva cada cagadita: son cagaditas.<\/p>\n<p style=\"text-align: justify;\">El <a href=\"https:\/\/es.wikipedia.org\/wiki\/Sal%C3%B3n_de_Reinos\" target=\"_blank\" rel=\"noopener\">Sal\u00f3n de Reinos<\/a> no es una gran obra arquitect\u00f3nica (ni siquiera es muy buena), y no es digna del Museo del Prado. A este paso, si el museo va necesitando nuevos espacios podr\u00eda ir adquiriendo cualquier local -un Palacio del Pollo Asado, un Museo del Jam\u00f3n, un McDonald&#8217;s&#8230;- e ir convocando concursos de arquitectura a los que se presentar\u00edan las m\u00e1s grandes eminencias.<\/p>\n<p style=\"text-align: justify;\">Dicho lo cual, cualquiera de las ocho propuestas que se exponen me ha parecido bastante m\u00e1s digna que el edificio original, y a la vez todas absolutamente in\u00fatiles. Pero no es culpa de los arquitectos que las han presentado. Ha sido la convocatoria del concurso, las bases mismas, que no permit\u00edan soluci\u00f3n.<\/p>\n<figure id=\"attachment_100003\" aria-describedby=\"caption-attachment-100003\" style=\"width: 750px\" class=\"wp-caption alignnone\"><img loading=\"lazy\" decoding=\"async\" class=\"wp-image-100003\" title=\"El Prado sin prado Jos\u00e9 Ram\u00f3n Hern\u00e1ndez Correa Croquis muy elocuente e inteligente de la propuesta ganadora, de Norman Foster y Carlos Rubio Carvajal.\" src=\"https:\/\/veredes.es\/blog\/wp-content\/uploads\/2024\/12\/El-Prado-sin-prado-Jose-Ramon-Hernandez-Correa-Croquis-muy-elocuente-e-inteligente-de-la-propuesta-ganadora-de-Norman-Foster-y-Carlos-Rubio-Carvajal.jpg\" alt=\"El Prado sin prado Jos\u00e9 Ram\u00f3n Hern\u00e1ndez Correa Croquis muy elocuente e inteligente de la propuesta ganadora, de Norman Foster y Carlos Rubio Carvajal.\" width=\"750\" height=\"1075\" srcset=\"https:\/\/veredes.es\/blog\/wp-content\/uploads\/2024\/12\/El-Prado-sin-prado-Jose-Ramon-Hernandez-Correa-Croquis-muy-elocuente-e-inteligente-de-la-propuesta-ganadora-de-Norman-Foster-y-Carlos-Rubio-Carvajal.jpg 401w, https:\/\/veredes.es\/blog\/wp-content\/uploads\/2024\/12\/El-Prado-sin-prado-Jose-Ramon-Hernandez-Correa-Croquis-muy-elocuente-e-inteligente-de-la-propuesta-ganadora-de-Norman-Foster-y-Carlos-Rubio-Carvajal-209x300.jpg 209w, https:\/\/veredes.es\/blog\/wp-content\/uploads\/2024\/12\/El-Prado-sin-prado-Jose-Ramon-Hernandez-Correa-Croquis-muy-elocuente-e-inteligente-de-la-propuesta-ganadora-de-Norman-Foster-y-Carlos-Rubio-Carvajal-293x420.jpg 293w\" sizes=\"auto, (max-width: 750px) 100vw, 750px\" \/><figcaption id=\"caption-attachment-100003\" class=\"wp-caption-text\"><span style=\"color: #999999;\">Croquis muy elocuente e inteligente de la propuesta ganadora, de\u00a0Norman Foster\u00a0y\u00a0Carlos Rubio Carvajal.<\/span><\/figcaption><\/figure>\n<p style=\"text-align: justify;\">No puedo analizar una por una. S\u00ed dir\u00e9 que el croquis a mano alzada de Foster-Rubio me ha parecido inteligente y p\u00edcaro, muy elocuente y muy atractivo ante tanto render 3D y tanto exceso. El gesto casi para ni\u00f1os, dibujando hasta la manita que quita la cubierta y la que quita dos forjados como si fueran dos naipes o dos tarjetas rojas, me ha parecido encantador, y h\u00e1bilmente dirigido a un jurado cansado y saturado.<\/p>\n<p style=\"text-align: justify;\">La propuesta de B720-Chipperfield me parece muy elegante, pero flojita; la de Souto-Hern\u00e1ndez-Ria\u00f1o magistral, pero como es magistral un arpegio de Bach, apenas un distra\u00eddo y autom\u00e1tico do-mi-sol-do. Es Bach, s\u00ed, pero no es la Pasi\u00f3n seg\u00fan San Mateo, sino un mero borrador, un apunte. <a href=\"https:\/\/veredes.es\/blog\/tag\/cruz-y-ortiz-arquitectos\/\" target=\"_blank\" rel=\"noopener\">Cruz y Ortiz<\/a> tambi\u00e9n muy elegantes, como siempre&#8230; S\u00ed: todas las propuestas son muy buenas, pero&#8230;<\/p>\n<p style=\"text-align: justify;\">Pero la consabida fachadita sur es lo de siempre, la \u00abplaza\u00bb que relacionar\u00eda en superficie el Museo inicial, la ampliaci\u00f3n de Moneo, el Cas\u00f3n y este Sal\u00f3n del Reino es anodina -interesante la de SoutoHdezRia\u00f1o y escamoteada astutamente por FosterRubio-, y la relaci\u00f3n subterr\u00e1nea entre todo ello, que a mi juicio ser\u00eda la verdadera clave de cada propuesta, es evitada concienzudamente.<\/p>\n<p style=\"text-align: justify;\">En la primera pasada los paneles de OMA me parecieron una salida de pata de banco. Pero reflexionando un poco me parecen los m\u00e1s coherentes con la incoherencia de todo el planteamiento, y si pecan de algo es de ser demasiado comedidos y de haberse quedado cortos en su pretendida provocaci\u00f3n. Al final se peinan, quitan los codos de la mesa y hasta bendicen los alimentos que todos vamos a tomar.<\/p>\n<p style=\"text-align: justify;\">Seguramente el Museo del Prado sea un problema sin soluci\u00f3n -como lo son el Louvre, el Metropolitan, el British&#8230;-, un monstruo imposible, un terrible ac\u00famulo del talento de la humanidad. \u00bfC\u00f3mo se hace un museo as\u00ed? \u00bfC\u00f3mo se le da sentido en esta \u00e9poca en la que el mero atesoramiento de obras de arte y su exhibici\u00f3n no tienen ya tanto sentido como anta\u00f1o?<\/p>\n<p style=\"text-align: justify;\">Yo solo veo dos modelos de museos, y los dos me parecen muy problem\u00e1ticos:<\/p>\n<p style=\"text-align: justify;\">Uno ser\u00eda el mamotreto monstruoso, con hect\u00e1reas y hect\u00e1reas construidas, y con previsi\u00f3n de m\u00e1s y m\u00e1s hect\u00e1reas ampliables. En este caso no tiene mucho sentido conseguir esa inmensa mole por adici\u00f3n de edificios separados que se ligan mediante galer\u00edas subterr\u00e1neas. (Y, repito, ah\u00ed el verdadero proyecto son esas galer\u00edas, que en este concurso no se ven). Ser\u00eda mucho mejor hacer un grand\u00edsimo edificio de nueva planta. Tal vez a\u00fan se podr\u00eda reconsiderar lo de la Peineta para el Atleti y adaptarla y requeteampliarla para Museo del Prado. O hacer por fin el gran EurovegasPrado, o el inmenso ParqueWarnerPrado, en alg\u00fan municipio del sur de Madrid. En el Qui\u00f1\u00f3n de Sese\u00f1a quedar\u00eda de miedo un enorme PoceroPrado.<\/p>\n<p style=\"text-align: justify;\">El otro ser\u00eda hacer ese Museo del Prado en sedes dispersas, repartidas por toda Espa\u00f1a. Un verdadero Museo Nacional del Prado. Cada sede podr\u00eda tener unos fondos fijos y existir adem\u00e1s un gran fondo circulante, o bien que todo el fondo del museo fuera circulante a base de exposiciones temporales que se alternar\u00edan con actividades culturales, conferencias, ciclos de cine y de teatro, festival de jazz renacentista y lo que hiciera falta. Quiero decir hacer un museo marca, una especie de SuperGuggenheim, un Prado sin prado, sin el cateto Sal\u00f3n del Prado al que los madrile\u00f1os (bizarr\u00edsimas damas y bien dispuestos caballeros) sal\u00edan a pasear sin da\u00f1os ni perjuicios, ni deshonestidades.<\/p>\n<blockquote>\n<p style=\"text-align: justify;\"><em>En donde [&#8230;] es cosa de muy de ver y de mucha recreaci\u00f3n la multitud de gente que sale, de bizarr\u00edsimas damas, de bien dispuestos caballeros, y de muchos se\u00f1ores y se\u00f1oras principales, en coches y carrozas. Aqu\u00ed se goza de gran deleite y gusto de la frescura y viento en todas las tardes y noches del Est\u00edo y de muchas buenas m\u00fasicas, sin da\u00f1os ni perjuicios, ni deshonestidades&#8230;<\/em><\/p>\n<\/blockquote>\n<p style=\"text-align: justify;\">Qu\u00e9 viejo es todo esto, qu\u00e9 paleto. (Por cierto, que veo en los paneles esos cuartetos de cuerda callejeros, esos caminantes bizarr\u00edsimos, esos se\u00f1ores y se\u00f1oras principales y noto el tufillo chulap\u00f3n y castizo, y me da tiritona).<\/p>\n<p style=\"text-align: justify;\">Siempre me pasa igual: Me lanzo a escribir, me entusiasmo y me pongo a disparatar. S\u00f3lo quer\u00eda decir que s\u00ed, que un concurso de arquitectura m\u00e1s, que vigas blancas de gran canto y cerchas vistas a lo\u00a0povera\u00a0(junto con la m\u00e1s pija sofisticaci\u00f3n), o dobles alturas con vigas en equis all\u00e1 arriba, o estucos malvas, rosas, blancos, o cubiertas de chapa o de policarbonato, o chapados de granito o de uglass, o de hormig\u00f3n blanco.<\/p>\n<p style=\"text-align: justify;\">La verdad es que s\u00ed, que todo es muy bonito y que los arquitectos concursantes han hecho buenos trabajos.<\/p>\n<p style=\"text-align: justify;\">Permanezcan atentos a las nuevas ampliaciones. Cuando lleguen a la Puerta de Alcal\u00e1 va a estar muy bien.<\/p>\n<p style=\"text-align: justify;\">Jos\u00e9 Ram\u00f3n Hern\u00e1ndez Correa \u00b7 Doctor Arquitecto<br \/>\nToledo \u00b7 Diciembre 2016<\/p>\n<p style=\"text-align: justify;\"><span style=\"color: #999999;\"><em>Le dedico esta entrada, con m\u00e1s miedo que verg\u00fcenza, al siempre l\u00facido Jaume Prat. Tambi\u00e9n a mi amigo Pablo, amigo del museo, que me invit\u00f3 y me acompa\u00f1\u00f3, y me ayud\u00f3 a abrir los ojos en muchos detalles.<\/em><\/span><\/p>\n","protected":false},"excerpt":{"rendered":"<p>El otro d\u00eda fui al\u00a0Museo del Prado\u00a0con mi amigo Pablo. Hac\u00eda muchos a\u00f1os que no iba; tantos que ni siquiera hab\u00eda visto la ampliaci\u00f3n de\u00a0Moneo\u00a0(que, por cierto, no me pareci\u00f3 nada de nada: unas cuantas salas dispuestas para exponer, una escalera larga, unos ascensores, unos aseos&#8230; o sea, lo correcto; no s\u00e9 si es para [&hellip;]<\/p>\n","protected":false},"author":33,"featured_media":100003,"comment_status":"open","ping_status":"closed","sticky":false,"template":"","format":"standard","meta":{"footnotes":""},"categories":[36,3,5951],"tags":[12449,17706,11704,405,4727,8912,3653,12453,14069,2422,12466],"class_list":{"0":"post-100000","1":"post","2":"type-post","3":"status-publish","4":"format-standard","5":"has-post-thumbnail","7":"category-arte-blog","8":"category-capturas","9":"category-slider-principal","10":"tag-arte","11":"tag-carlos-rubio-carvajal","12":"tag-cruz-y-ortiz-arquitectos","13":"tag-david-chipperfield","14":"tag-eduardo-souto-de-moura","15":"tag-jose-rafael-moneo-valles","16":"tag-jose-ramon-hernandez-correa","17":"tag-museo-arquitectura-arquitectura","18":"tag-museo-del-prado","19":"tag-norman-foster","20":"tag-pintura"},"yoast_head":"<!-- This site is optimized with the Yoast SEO plugin v27.4 - https:\/\/yoast.com\/product\/yoast-seo-wordpress\/ -->\n<title>El Prado sin prado | Jos\u00e9 Ram\u00f3n Hern\u00e1ndez Correa - veredes<\/title>\n<meta name=\"description\" content=\"Toda la informaci\u00f3n sobre: El Prado sin prado | Jos\u00e9 Ram\u00f3n Hern\u00e1ndez Correa\" \/>\n<meta name=\"robots\" content=\"index, follow, max-snippet:-1, max-image-preview:large, max-video-preview:-1\" \/>\n<link rel=\"canonical\" href=\"https:\/\/veredes.es\/blog\/el-prado-sin-prado-jose-ramon-hernandez-correa\/\" \/>\n<meta property=\"og:locale\" content=\"es_ES\" \/>\n<meta property=\"og:type\" content=\"article\" \/>\n<meta property=\"og:title\" content=\"El Prado sin prado | Jos\u00e9 Ram\u00f3n Hern\u00e1ndez Correa - veredes\" \/>\n<meta property=\"og:description\" content=\"Toda la informaci\u00f3n sobre: El Prado sin prado | Jos\u00e9 Ram\u00f3n Hern\u00e1ndez Correa\" \/>\n<meta property=\"og:url\" content=\"https:\/\/veredes.es\/blog\/el-prado-sin-prado-jose-ramon-hernandez-correa\/\" \/>\n<meta property=\"og:site_name\" content=\"veredes, arquitectura y divulgaci\u00f3n\" \/>\n<meta property=\"article:publisher\" content=\"https:\/\/www.facebook.com\/veredesArquitecturayDivulgacion\/\" \/>\n<meta property=\"article:author\" content=\"https:\/\/www.facebook.com\/joseramon.hernandezcorrea\" \/>\n<meta property=\"article:published_time\" content=\"2024-12-19T23:01:26+00:00\" \/>\n<meta property=\"og:image\" content=\"https:\/\/veredes.es\/blog\/wp-content\/uploads\/2024\/12\/El-Prado-sin-prado-Jose-Ramon-Hernandez-Correa-Croquis-muy-elocuente-e-inteligente-de-la-propuesta-ganadora-de-Norman-Foster-y-Carlos-Rubio-Carvajal.jpg\" \/>\n\t<meta property=\"og:image:width\" content=\"401\" \/>\n\t<meta property=\"og:image:height\" content=\"575\" \/>\n\t<meta property=\"og:image:type\" content=\"image\/jpeg\" \/>\n<meta name=\"author\" content=\"Jos\u00e9 Ram\u00f3n Hern\u00e1ndez Correa\" \/>\n<meta name=\"twitter:card\" content=\"summary_large_image\" \/>\n<meta name=\"twitter:creator\" content=\"@https:\/\/twitter.com\/arquitectamos\" \/>\n<meta name=\"twitter:site\" content=\"@veredes\" \/>\n<meta name=\"twitter:label1\" content=\"Escrito por\" \/>\n\t<meta name=\"twitter:data1\" content=\"Jos\u00e9 Ram\u00f3n Hern\u00e1ndez Correa\" \/>\n\t<meta name=\"twitter:label2\" content=\"Tiempo de lectura\" \/>\n\t<meta name=\"twitter:data2\" content=\"6 minutos\" \/>\n<script type=\"application\/ld+json\" class=\"yoast-schema-graph\">{\"@context\":\"https:\\\/\\\/schema.org\",\"@graph\":[{\"@type\":\"Article\",\"@id\":\"https:\\\/\\\/veredes.es\\\/blog\\\/el-prado-sin-prado-jose-ramon-hernandez-correa\\\/#article\",\"isPartOf\":{\"@id\":\"https:\\\/\\\/veredes.es\\\/blog\\\/el-prado-sin-prado-jose-ramon-hernandez-correa\\\/\"},\"author\":{\"name\":\"Jos\u00e9 Ram\u00f3n Hern\u00e1ndez Correa\",\"@id\":\"https:\\\/\\\/veredes.es\\\/blog\\\/#\\\/schema\\\/person\\\/eefca3204fa5a4349162c2869bee6c49\"},\"headline\":\"El Prado sin prado | Jos\u00e9 Ram\u00f3n Hern\u00e1ndez Correa\",\"datePublished\":\"2024-12-19T23:01:26+00:00\",\"mainEntityOfPage\":{\"@id\":\"https:\\\/\\\/veredes.es\\\/blog\\\/el-prado-sin-prado-jose-ramon-hernandez-correa\\\/\"},\"wordCount\":1360,\"commentCount\":0,\"publisher\":{\"@id\":\"https:\\\/\\\/veredes.es\\\/blog\\\/#organization\"},\"image\":{\"@id\":\"https:\\\/\\\/veredes.es\\\/blog\\\/el-prado-sin-prado-jose-ramon-hernandez-correa\\\/#primaryimage\"},\"thumbnailUrl\":\"https:\\\/\\\/veredes.es\\\/blog\\\/wp-content\\\/uploads\\\/2024\\\/12\\\/El-Prado-sin-prado-Jose-Ramon-Hernandez-Correa-Croquis-muy-elocuente-e-inteligente-de-la-propuesta-ganadora-de-Norman-Foster-y-Carlos-Rubio-Carvajal.jpg\",\"keywords\":[\"arte\",\"Carlos Rubio Carvajal\",\"Cruz y Ortiz arquitectos\",\"David Chipperfield\",\"Eduardo Souto de Moura\",\"Jos\u00e9 Rafael Moneo Vall\u00e9s\",\"Jos\u00e9 Ram\u00f3n Hern\u00e1ndez Correa\",\"museo\",\"Museo del Prado\",\"Norman Foster\",\"pintura\"],\"articleSection\":[\"arte\",\"capturas\",\"slider principal\"],\"inLanguage\":\"es\",\"potentialAction\":[{\"@type\":\"CommentAction\",\"name\":\"Comment\",\"target\":[\"https:\\\/\\\/veredes.es\\\/blog\\\/el-prado-sin-prado-jose-ramon-hernandez-correa\\\/#respond\"]}]},{\"@type\":\"WebPage\",\"@id\":\"https:\\\/\\\/veredes.es\\\/blog\\\/el-prado-sin-prado-jose-ramon-hernandez-correa\\\/\",\"url\":\"https:\\\/\\\/veredes.es\\\/blog\\\/el-prado-sin-prado-jose-ramon-hernandez-correa\\\/\",\"name\":\"El Prado sin prado | Jos\u00e9 Ram\u00f3n Hern\u00e1ndez Correa - veredes\",\"isPartOf\":{\"@id\":\"https:\\\/\\\/veredes.es\\\/blog\\\/#website\"},\"primaryImageOfPage\":{\"@id\":\"https:\\\/\\\/veredes.es\\\/blog\\\/el-prado-sin-prado-jose-ramon-hernandez-correa\\\/#primaryimage\"},\"image\":{\"@id\":\"https:\\\/\\\/veredes.es\\\/blog\\\/el-prado-sin-prado-jose-ramon-hernandez-correa\\\/#primaryimage\"},\"thumbnailUrl\":\"https:\\\/\\\/veredes.es\\\/blog\\\/wp-content\\\/uploads\\\/2024\\\/12\\\/El-Prado-sin-prado-Jose-Ramon-Hernandez-Correa-Croquis-muy-elocuente-e-inteligente-de-la-propuesta-ganadora-de-Norman-Foster-y-Carlos-Rubio-Carvajal.jpg\",\"datePublished\":\"2024-12-19T23:01:26+00:00\",\"description\":\"Toda la informaci\u00f3n sobre: El Prado sin prado | Jos\u00e9 Ram\u00f3n Hern\u00e1ndez Correa\",\"breadcrumb\":{\"@id\":\"https:\\\/\\\/veredes.es\\\/blog\\\/el-prado-sin-prado-jose-ramon-hernandez-correa\\\/#breadcrumb\"},\"inLanguage\":\"es\",\"potentialAction\":[{\"@type\":\"ReadAction\",\"target\":[\"https:\\\/\\\/veredes.es\\\/blog\\\/el-prado-sin-prado-jose-ramon-hernandez-correa\\\/\"]}]},{\"@type\":\"ImageObject\",\"inLanguage\":\"es\",\"@id\":\"https:\\\/\\\/veredes.es\\\/blog\\\/el-prado-sin-prado-jose-ramon-hernandez-correa\\\/#primaryimage\",\"url\":\"https:\\\/\\\/veredes.es\\\/blog\\\/wp-content\\\/uploads\\\/2024\\\/12\\\/El-Prado-sin-prado-Jose-Ramon-Hernandez-Correa-Croquis-muy-elocuente-e-inteligente-de-la-propuesta-ganadora-de-Norman-Foster-y-Carlos-Rubio-Carvajal.jpg\",\"contentUrl\":\"https:\\\/\\\/veredes.es\\\/blog\\\/wp-content\\\/uploads\\\/2024\\\/12\\\/El-Prado-sin-prado-Jose-Ramon-Hernandez-Correa-Croquis-muy-elocuente-e-inteligente-de-la-propuesta-ganadora-de-Norman-Foster-y-Carlos-Rubio-Carvajal.jpg\",\"width\":401,\"height\":575,\"caption\":\"Croquis muy elocuente e inteligente de la propuesta ganadora, de\u00a0Norman Foster\u00a0y\u00a0Carlos Rubio Carvajal.\"},{\"@type\":\"BreadcrumbList\",\"@id\":\"https:\\\/\\\/veredes.es\\\/blog\\\/el-prado-sin-prado-jose-ramon-hernandez-correa\\\/#breadcrumb\",\"itemListElement\":[{\"@type\":\"ListItem\",\"position\":1,\"name\":\"Portada\",\"item\":\"https:\\\/\\\/veredes.es\\\/blog\\\/\"},{\"@type\":\"ListItem\",\"position\":2,\"name\":\"El Prado sin prado | Jos\u00e9 Ram\u00f3n Hern\u00e1ndez Correa\"}]},{\"@type\":\"WebSite\",\"@id\":\"https:\\\/\\\/veredes.es\\\/blog\\\/#website\",\"url\":\"https:\\\/\\\/veredes.es\\\/blog\\\/\",\"name\":\"veredes, arquitectura y divulgaci\u00f3n\",\"description\":\"veredes\",\"publisher\":{\"@id\":\"https:\\\/\\\/veredes.es\\\/blog\\\/#organization\"},\"alternateName\":\"veredes\",\"potentialAction\":[{\"@type\":\"SearchAction\",\"target\":{\"@type\":\"EntryPoint\",\"urlTemplate\":\"https:\\\/\\\/veredes.es\\\/blog\\\/?s={search_term_string}\"},\"query-input\":{\"@type\":\"PropertyValueSpecification\",\"valueRequired\":true,\"valueName\":\"search_term_string\"}}],\"inLanguage\":\"es\"},{\"@type\":\"Organization\",\"@id\":\"https:\\\/\\\/veredes.es\\\/blog\\\/#organization\",\"name\":\"veredes, arquitectura y divulgaci\u00f3n\",\"alternateName\":\"veredes\",\"url\":\"https:\\\/\\\/veredes.es\\\/blog\\\/\",\"logo\":{\"@type\":\"ImageObject\",\"inLanguage\":\"es\",\"@id\":\"https:\\\/\\\/veredes.es\\\/blog\\\/#\\\/schema\\\/logo\\\/image\\\/\",\"url\":\"https:\\\/\\\/veredes.es\\\/blog\\\/wp-content\\\/uploads\\\/2021\\\/12\\\/veredes-logo-centrado_140x54.png\",\"contentUrl\":\"https:\\\/\\\/veredes.es\\\/blog\\\/wp-content\\\/uploads\\\/2021\\\/12\\\/veredes-logo-centrado_140x54.png\",\"width\":140,\"height\":54,\"caption\":\"veredes, arquitectura y divulgaci\u00f3n\"},\"image\":{\"@id\":\"https:\\\/\\\/veredes.es\\\/blog\\\/#\\\/schema\\\/logo\\\/image\\\/\"},\"sameAs\":[\"https:\\\/\\\/www.facebook.com\\\/veredesArquitecturayDivulgacion\\\/\",\"https:\\\/\\\/x.com\\\/veredes\",\"https:\\\/\\\/instagram.com\\\/veredes\\\/\",\"https:\\\/\\\/www.linkedin.com\\\/company\\\/veredes-arquitectura-y-divulgacion\\\/\",\"https:\\\/\\\/es.pinterest.com\\\/veredes\\\/\",\"https:\\\/\\\/www.tumblr.com\\\/veredes\"]},{\"@type\":\"Person\",\"@id\":\"https:\\\/\\\/veredes.es\\\/blog\\\/#\\\/schema\\\/person\\\/eefca3204fa5a4349162c2869bee6c49\",\"name\":\"Jos\u00e9 Ram\u00f3n Hern\u00e1ndez Correa\",\"image\":{\"@type\":\"ImageObject\",\"inLanguage\":\"es\",\"@id\":\"https:\\\/\\\/veredes.es\\\/blog\\\/wp-content\\\/uploads\\\/2018\\\/04\\\/Jos\u00e9-Ram\u00f3n-Hern\u00e1ndez-Correa-96x96.jpg\",\"url\":\"https:\\\/\\\/veredes.es\\\/blog\\\/wp-content\\\/uploads\\\/2018\\\/04\\\/Jos\u00e9-Ram\u00f3n-Hern\u00e1ndez-Correa-96x96.jpg\",\"contentUrl\":\"https:\\\/\\\/veredes.es\\\/blog\\\/wp-content\\\/uploads\\\/2018\\\/04\\\/Jos\u00e9-Ram\u00f3n-Hern\u00e1ndez-Correa-96x96.jpg\",\"caption\":\"Jos\u00e9 Ram\u00f3n Hern\u00e1ndez Correa\"},\"description\":\"Nac\u00ed en 1960. Arquitecto por la ETSAM, 1985. Doctor Arquitecto por la Universidad Polit\u00e9cnica de Madrid, 1992. Soy, en el buen sentido de la palabra, bueno. Ahora estoy algo cansado, pero sigo atento y curioso. Arquitecto, bloguero, saxofonero, escritor... pero todo mal.\",\"sameAs\":[\"http:\\\/\\\/arquitectamoslocos.blogspot.com.es\\\/\",\"https:\\\/\\\/www.facebook.com\\\/joseramon.hernandezcorrea\",\"https:\\\/\\\/www.instagram.com\\\/arquitectamoslocos\\\/\",\"https:\\\/\\\/www.linkedin.com\\\/in\\\/jos-ramn-hernndez-correa-b6378b2a\\\/\",\"https:\\\/\\\/x.com\\\/https:\\\/\\\/twitter.com\\\/arquitectamos\"],\"url\":\"https:\\\/\\\/veredes.es\\\/blog\\\/author\\\/arquitectamos\\\/\"}]}<\/script>\n<!-- \/ Yoast SEO plugin. -->","yoast_head_json":{"title":"El Prado sin prado | Jos\u00e9 Ram\u00f3n Hern\u00e1ndez Correa - veredes","description":"Toda la informaci\u00f3n sobre: El Prado sin prado | Jos\u00e9 Ram\u00f3n Hern\u00e1ndez Correa","robots":{"index":"index","follow":"follow","max-snippet":"max-snippet:-1","max-image-preview":"max-image-preview:large","max-video-preview":"max-video-preview:-1"},"canonical":"https:\/\/veredes.es\/blog\/el-prado-sin-prado-jose-ramon-hernandez-correa\/","og_locale":"es_ES","og_type":"article","og_title":"El Prado sin prado | Jos\u00e9 Ram\u00f3n Hern\u00e1ndez Correa - veredes","og_description":"Toda la informaci\u00f3n sobre: El Prado sin prado | Jos\u00e9 Ram\u00f3n Hern\u00e1ndez Correa","og_url":"https:\/\/veredes.es\/blog\/el-prado-sin-prado-jose-ramon-hernandez-correa\/","og_site_name":"veredes, arquitectura y divulgaci\u00f3n","article_publisher":"https:\/\/www.facebook.com\/veredesArquitecturayDivulgacion\/","article_author":"https:\/\/www.facebook.com\/joseramon.hernandezcorrea","article_published_time":"2024-12-19T23:01:26+00:00","og_image":[{"width":401,"height":575,"url":"https:\/\/veredes.es\/blog\/wp-content\/uploads\/2024\/12\/El-Prado-sin-prado-Jose-Ramon-Hernandez-Correa-Croquis-muy-elocuente-e-inteligente-de-la-propuesta-ganadora-de-Norman-Foster-y-Carlos-Rubio-Carvajal.jpg","type":"image\/jpeg"}],"author":"Jos\u00e9 Ram\u00f3n Hern\u00e1ndez Correa","twitter_card":"summary_large_image","twitter_creator":"@https:\/\/twitter.com\/arquitectamos","twitter_site":"@veredes","twitter_misc":{"Escrito por":"Jos\u00e9 Ram\u00f3n Hern\u00e1ndez Correa","Tiempo de lectura":"6 minutos"},"schema":{"@context":"https:\/\/schema.org","@graph":[{"@type":"Article","@id":"https:\/\/veredes.es\/blog\/el-prado-sin-prado-jose-ramon-hernandez-correa\/#article","isPartOf":{"@id":"https:\/\/veredes.es\/blog\/el-prado-sin-prado-jose-ramon-hernandez-correa\/"},"author":{"name":"Jos\u00e9 Ram\u00f3n Hern\u00e1ndez Correa","@id":"https:\/\/veredes.es\/blog\/#\/schema\/person\/eefca3204fa5a4349162c2869bee6c49"},"headline":"El Prado sin prado | Jos\u00e9 Ram\u00f3n Hern\u00e1ndez Correa","datePublished":"2024-12-19T23:01:26+00:00","mainEntityOfPage":{"@id":"https:\/\/veredes.es\/blog\/el-prado-sin-prado-jose-ramon-hernandez-correa\/"},"wordCount":1360,"commentCount":0,"publisher":{"@id":"https:\/\/veredes.es\/blog\/#organization"},"image":{"@id":"https:\/\/veredes.es\/blog\/el-prado-sin-prado-jose-ramon-hernandez-correa\/#primaryimage"},"thumbnailUrl":"https:\/\/veredes.es\/blog\/wp-content\/uploads\/2024\/12\/El-Prado-sin-prado-Jose-Ramon-Hernandez-Correa-Croquis-muy-elocuente-e-inteligente-de-la-propuesta-ganadora-de-Norman-Foster-y-Carlos-Rubio-Carvajal.jpg","keywords":["arte","Carlos Rubio Carvajal","Cruz y Ortiz arquitectos","David Chipperfield","Eduardo Souto de Moura","Jos\u00e9 Rafael Moneo Vall\u00e9s","Jos\u00e9 Ram\u00f3n Hern\u00e1ndez Correa","museo","Museo del Prado","Norman Foster","pintura"],"articleSection":["arte","capturas","slider principal"],"inLanguage":"es","potentialAction":[{"@type":"CommentAction","name":"Comment","target":["https:\/\/veredes.es\/blog\/el-prado-sin-prado-jose-ramon-hernandez-correa\/#respond"]}]},{"@type":"WebPage","@id":"https:\/\/veredes.es\/blog\/el-prado-sin-prado-jose-ramon-hernandez-correa\/","url":"https:\/\/veredes.es\/blog\/el-prado-sin-prado-jose-ramon-hernandez-correa\/","name":"El Prado sin prado | Jos\u00e9 Ram\u00f3n Hern\u00e1ndez Correa - veredes","isPartOf":{"@id":"https:\/\/veredes.es\/blog\/#website"},"primaryImageOfPage":{"@id":"https:\/\/veredes.es\/blog\/el-prado-sin-prado-jose-ramon-hernandez-correa\/#primaryimage"},"image":{"@id":"https:\/\/veredes.es\/blog\/el-prado-sin-prado-jose-ramon-hernandez-correa\/#primaryimage"},"thumbnailUrl":"https:\/\/veredes.es\/blog\/wp-content\/uploads\/2024\/12\/El-Prado-sin-prado-Jose-Ramon-Hernandez-Correa-Croquis-muy-elocuente-e-inteligente-de-la-propuesta-ganadora-de-Norman-Foster-y-Carlos-Rubio-Carvajal.jpg","datePublished":"2024-12-19T23:01:26+00:00","description":"Toda la informaci\u00f3n sobre: El Prado sin prado | Jos\u00e9 Ram\u00f3n Hern\u00e1ndez Correa","breadcrumb":{"@id":"https:\/\/veredes.es\/blog\/el-prado-sin-prado-jose-ramon-hernandez-correa\/#breadcrumb"},"inLanguage":"es","potentialAction":[{"@type":"ReadAction","target":["https:\/\/veredes.es\/blog\/el-prado-sin-prado-jose-ramon-hernandez-correa\/"]}]},{"@type":"ImageObject","inLanguage":"es","@id":"https:\/\/veredes.es\/blog\/el-prado-sin-prado-jose-ramon-hernandez-correa\/#primaryimage","url":"https:\/\/veredes.es\/blog\/wp-content\/uploads\/2024\/12\/El-Prado-sin-prado-Jose-Ramon-Hernandez-Correa-Croquis-muy-elocuente-e-inteligente-de-la-propuesta-ganadora-de-Norman-Foster-y-Carlos-Rubio-Carvajal.jpg","contentUrl":"https:\/\/veredes.es\/blog\/wp-content\/uploads\/2024\/12\/El-Prado-sin-prado-Jose-Ramon-Hernandez-Correa-Croquis-muy-elocuente-e-inteligente-de-la-propuesta-ganadora-de-Norman-Foster-y-Carlos-Rubio-Carvajal.jpg","width":401,"height":575,"caption":"Croquis muy elocuente e inteligente de la propuesta ganadora, de\u00a0Norman Foster\u00a0y\u00a0Carlos Rubio Carvajal."},{"@type":"BreadcrumbList","@id":"https:\/\/veredes.es\/blog\/el-prado-sin-prado-jose-ramon-hernandez-correa\/#breadcrumb","itemListElement":[{"@type":"ListItem","position":1,"name":"Portada","item":"https:\/\/veredes.es\/blog\/"},{"@type":"ListItem","position":2,"name":"El Prado sin prado | Jos\u00e9 Ram\u00f3n Hern\u00e1ndez Correa"}]},{"@type":"WebSite","@id":"https:\/\/veredes.es\/blog\/#website","url":"https:\/\/veredes.es\/blog\/","name":"veredes, arquitectura y divulgaci\u00f3n","description":"veredes","publisher":{"@id":"https:\/\/veredes.es\/blog\/#organization"},"alternateName":"veredes","potentialAction":[{"@type":"SearchAction","target":{"@type":"EntryPoint","urlTemplate":"https:\/\/veredes.es\/blog\/?s={search_term_string}"},"query-input":{"@type":"PropertyValueSpecification","valueRequired":true,"valueName":"search_term_string"}}],"inLanguage":"es"},{"@type":"Organization","@id":"https:\/\/veredes.es\/blog\/#organization","name":"veredes, arquitectura y divulgaci\u00f3n","alternateName":"veredes","url":"https:\/\/veredes.es\/blog\/","logo":{"@type":"ImageObject","inLanguage":"es","@id":"https:\/\/veredes.es\/blog\/#\/schema\/logo\/image\/","url":"https:\/\/veredes.es\/blog\/wp-content\/uploads\/2021\/12\/veredes-logo-centrado_140x54.png","contentUrl":"https:\/\/veredes.es\/blog\/wp-content\/uploads\/2021\/12\/veredes-logo-centrado_140x54.png","width":140,"height":54,"caption":"veredes, arquitectura y divulgaci\u00f3n"},"image":{"@id":"https:\/\/veredes.es\/blog\/#\/schema\/logo\/image\/"},"sameAs":["https:\/\/www.facebook.com\/veredesArquitecturayDivulgacion\/","https:\/\/x.com\/veredes","https:\/\/instagram.com\/veredes\/","https:\/\/www.linkedin.com\/company\/veredes-arquitectura-y-divulgacion\/","https:\/\/es.pinterest.com\/veredes\/","https:\/\/www.tumblr.com\/veredes"]},{"@type":"Person","@id":"https:\/\/veredes.es\/blog\/#\/schema\/person\/eefca3204fa5a4349162c2869bee6c49","name":"Jos\u00e9 Ram\u00f3n Hern\u00e1ndez Correa","image":{"@type":"ImageObject","inLanguage":"es","@id":"https:\/\/veredes.es\/blog\/wp-content\/uploads\/2018\/04\/Jos\u00e9-Ram\u00f3n-Hern\u00e1ndez-Correa-96x96.jpg","url":"https:\/\/veredes.es\/blog\/wp-content\/uploads\/2018\/04\/Jos\u00e9-Ram\u00f3n-Hern\u00e1ndez-Correa-96x96.jpg","contentUrl":"https:\/\/veredes.es\/blog\/wp-content\/uploads\/2018\/04\/Jos\u00e9-Ram\u00f3n-Hern\u00e1ndez-Correa-96x96.jpg","caption":"Jos\u00e9 Ram\u00f3n Hern\u00e1ndez Correa"},"description":"Nac\u00ed en 1960. Arquitecto por la ETSAM, 1985. Doctor Arquitecto por la Universidad Polit\u00e9cnica de Madrid, 1992. Soy, en el buen sentido de la palabra, bueno. Ahora estoy algo cansado, pero sigo atento y curioso. Arquitecto, bloguero, saxofonero, escritor... pero todo mal.","sameAs":["http:\/\/arquitectamoslocos.blogspot.com.es\/","https:\/\/www.facebook.com\/joseramon.hernandezcorrea","https:\/\/www.instagram.com\/arquitectamoslocos\/","https:\/\/www.linkedin.com\/in\/jos-ramn-hernndez-correa-b6378b2a\/","https:\/\/x.com\/https:\/\/twitter.com\/arquitectamos"],"url":"https:\/\/veredes.es\/blog\/author\/arquitectamos\/"}]}},"_links":{"self":[{"href":"https:\/\/veredes.es\/blog\/wp-json\/wp\/v2\/posts\/100000","targetHints":{"allow":["GET"]}}],"collection":[{"href":"https:\/\/veredes.es\/blog\/wp-json\/wp\/v2\/posts"}],"about":[{"href":"https:\/\/veredes.es\/blog\/wp-json\/wp\/v2\/types\/post"}],"author":[{"embeddable":true,"href":"https:\/\/veredes.es\/blog\/wp-json\/wp\/v2\/users\/33"}],"replies":[{"embeddable":true,"href":"https:\/\/veredes.es\/blog\/wp-json\/wp\/v2\/comments?post=100000"}],"version-history":[{"count":0,"href":"https:\/\/veredes.es\/blog\/wp-json\/wp\/v2\/posts\/100000\/revisions"}],"wp:featuredmedia":[{"embeddable":true,"href":"https:\/\/veredes.es\/blog\/wp-json\/wp\/v2\/media\/100003"}],"wp:attachment":[{"href":"https:\/\/veredes.es\/blog\/wp-json\/wp\/v2\/media?parent=100000"}],"wp:term":[{"taxonomy":"category","embeddable":true,"href":"https:\/\/veredes.es\/blog\/wp-json\/wp\/v2\/categories?post=100000"},{"taxonomy":"post_tag","embeddable":true,"href":"https:\/\/veredes.es\/blog\/wp-json\/wp\/v2\/tags?post=100000"}],"curies":[{"name":"wp","href":"https:\/\/api.w.org\/{rel}","templated":true}]}}